{"id":3258,"date":"2021-11-15T19:39:53","date_gmt":"2021-11-15T18:39:53","guid":{"rendered":"https:\/\/szonyimuzeum.hu\/?p=3258"},"modified":"2024-01-25T15:18:22","modified_gmt":"2024-01-25T14:18:22","slug":"bartoky-jozsef-fabulai-rajzpalyazat-202102","status":"publish","type":"post","link":"https:\/\/szonyimuzeum.hu\/en\/bartoky-jozsef-fabulai-rajzpalyazat-202102\/","title":{"rendered":"J\u00f3zsef Bart\u00f3ky's Fables Drawing Competition 2021."},"content":{"rendered":"<p>In the spring of 2021, the Sz\u0151nyi Istv\u00e1n Memorial Museum announced its 4th drawing competition for children in lower and upper grades. We selected six more fables by J\u00f3zsef Bart\u00f3ky and invited children's illustrations. The children were asked to create an illustration for one of the three fables. The deadline was 30 May 2021. The competition was open to entries in A\/4 or A\/3 format, using any technique (e.g. pencil, felt-tip, paint, charcoal, ink, chalk). <\/p>\n\n\n\n<p>Entries were judged by a professional jury. The results were announced on 13 June and the prizes and certificates were sent to the winners by post. <\/p>\n\n\n\n<p>The winning entries can be viewed at the link below: <span style=\"text-decoration: underline;\"><strong><a href=\"https:\/\/szonyimuzeum.hu\/en\/dijazottaink\/\">NOTE<\/a><\/strong><\/span><\/p>","protected":false},"excerpt":{"rendered":"<p>In the spring of 2021, the Sz\u0151nyi Istv\u00e1n Memorial Museum announced its 4th drawing competition for children in lower and upper grades. We selected six more fables by J\u00f3zsef Bart\u00f3ky and invited children's illustrations. [...]<\/p>","protected":false},"author":1,"featured_media":3261,"comment_status":"open","ping_status":"open","sticky":false,"template":"","format":"standard","meta":{"ngg_post_thumbnail":0,"_price":"","_stock":"","_tribe_ticket_header":"","_tribe_default_ticket_provider":"","_tribe_ticket_capacity":"0","_ticket_start_date":"","_ticket_end_date":"","_tribe_ticket_show_description":"","_tribe_ticket_show_not_going":false,"_tribe_ticket_use_global_stock":"","_tribe_ticket_global_stock_level":"","_global_stock_mode":"","_global_stock_cap":"","_tribe_rsvp_for_event":"","_tribe_ticket_going_count":"","_tribe_ticket_not_going_count":"","_tribe_tickets_list":"[]","_tribe_ticket_has_attendee_info_fields":false,"footnotes":""},"categories":[16],"tags":[],"class_list":["post-3258","post","type-post","status-publish","format-standard","has-post-thumbnail","hentry","category-archivum"],"_links":{"self":[{"href":"https:\/\/szonyimuzeum.hu\/en\/wp-json\/wp\/v2\/posts\/3258","targetHints":{"allow":["GET"]}}],"collection":[{"href":"https:\/\/szonyimuzeum.hu\/en\/wp-json\/wp\/v2\/posts"}],"about":[{"href":"https:\/\/szonyimuzeum.hu\/en\/wp-json\/wp\/v2\/types\/post"}],"author":[{"embeddable":true,"href":"https:\/\/szonyimuzeum.hu\/en\/wp-json\/wp\/v2\/users\/1"}],"replies":[{"embeddable":true,"href":"https:\/\/szonyimuzeum.hu\/en\/wp-json\/wp\/v2\/comments?post=3258"}],"version-history":[{"count":3,"href":"https:\/\/szonyimuzeum.hu\/en\/wp-json\/wp\/v2\/posts\/3258\/revisions"}],"predecessor-version":[{"id":3266,"href":"https:\/\/szonyimuzeum.hu\/en\/wp-json\/wp\/v2\/posts\/3258\/revisions\/3266"}],"wp:featuredmedia":[{"embeddable":true,"href":"https:\/\/szonyimuzeum.hu\/en\/wp-json\/wp\/v2\/media\/3261"}],"wp:attachment":[{"href":"https:\/\/szonyimuzeum.hu\/en\/wp-json\/wp\/v2\/media?parent=3258"}],"wp:term":[{"taxonomy":"category","embeddable":true,"href":"https:\/\/szonyimuzeum.hu\/en\/wp-json\/wp\/v2\/categories?post=3258"},{"taxonomy":"post_tag","embeddable":true,"href":"https:\/\/szonyimuzeum.hu\/en\/wp-json\/wp\/v2\/tags?post=3258"}],"curies":[{"name":"wp","href":"https:\/\/api.w.org\/{rel}","templated":true}]}}