{"id":5449,"date":"2024-01-25T16:03:06","date_gmt":"2024-01-25T15:03:06","guid":{"rendered":"https:\/\/szonyimuzeum.hu\/?p=5449"},"modified":"2024-01-27T16:38:22","modified_gmt":"2024-01-27T15:38:22","slug":"meghivo","status":"publish","type":"post","link":"https:\/\/szonyimuzeum.hu\/en\/meghivo\/","title":{"rendered":"NOTICE"},"content":{"rendered":"<p>The Sz\u0151nyi Istv\u00e1n Memorial Museum cordially invites you to the <strong>FEBRULE WITH A VILLAGE PICTURE - Village life<\/strong> for the opening of his exhibition. <\/p>\n\n\n\n<p><strong>The exhibition will be opened by:<\/strong> Dr. Emese R\u00e9v\u00e9sz, Associate Professor at the Institute of Art History, ELTE<br><strong>They contribute to:<\/strong> Students of the 4th grade of the Sz\u0151nyi Istv\u00e1n Elementary School and Elementary Art School in Zebeg\u00e9ny<br><strong>He taught me the dance:<\/strong> Krisztina Pincze<\/p>\n\n\n\n<p><strong>Date:<\/strong> 20 May 20, 2023, Saturday 15:00<br><strong>Location:<\/strong> 2627 Zebeg\u00e9ny, Bart\u00f3ky J\u00f3zsef \u00fat 7.<br>The exhibition will be open from 20 May to 13 August 2023.<\/p>\n\n\n\n<p>The work of the museum is supported by the Istv\u00e1n Sz\u0151nyi Foundation.<\/p>","protected":false},"excerpt":{"rendered":"<p>The Sz\u0151nyi Istv\u00e1n Memorial Museum cordially invites you to the opening of the exhibition \"ZEBEG\u00c9NY SZ\u0150NYI SZEM\u00c9VEL - The Village Life\". The exhibition will be opened by Dr. Emese R\u00e9v\u00e9sz, Associate Professor at the Institute of Art History, ELTE.<\/p>","protected":false},"author":3,"featured_media":5043,"comment_status":"open","ping_status":"open","sticky":false,"template":"","format":"standard","meta":{"ngg_post_thumbnail":0,"_price":"","_stock":"","_tribe_ticket_header":"","_tribe_default_ticket_provider":"","_tribe_ticket_capacity":"0","_ticket_start_date":"","_ticket_end_date":"","_tribe_ticket_show_description":"","_tribe_ticket_show_not_going":false,"_tribe_ticket_use_global_stock":"","_tribe_ticket_global_stock_level":"","_global_stock_mode":"","_global_stock_cap":"","_tribe_rsvp_for_event":"","_tribe_ticket_going_count":"","_tribe_ticket_not_going_count":"","_tribe_tickets_list":"[]","_tribe_ticket_has_attendee_info_fields":false,"footnotes":""},"categories":[16],"tags":[],"class_list":["post-5449","post","type-post","status-publish","format-standard","has-post-thumbnail","hentry","category-archivum"],"_links":{"self":[{"href":"https:\/\/szonyimuzeum.hu\/en\/wp-json\/wp\/v2\/posts\/5449","targetHints":{"allow":["GET"]}}],"collection":[{"href":"https:\/\/szonyimuzeum.hu\/en\/wp-json\/wp\/v2\/posts"}],"about":[{"href":"https:\/\/szonyimuzeum.hu\/en\/wp-json\/wp\/v2\/types\/post"}],"author":[{"embeddable":true,"href":"https:\/\/szonyimuzeum.hu\/en\/wp-json\/wp\/v2\/users\/3"}],"replies":[{"embeddable":true,"href":"https:\/\/szonyimuzeum.hu\/en\/wp-json\/wp\/v2\/comments?post=5449"}],"version-history":[{"count":1,"href":"https:\/\/szonyimuzeum.hu\/en\/wp-json\/wp\/v2\/posts\/5449\/revisions"}],"predecessor-version":[{"id":5450,"href":"https:\/\/szonyimuzeum.hu\/en\/wp-json\/wp\/v2\/posts\/5449\/revisions\/5450"}],"wp:featuredmedia":[{"embeddable":true,"href":"https:\/\/szonyimuzeum.hu\/en\/wp-json\/wp\/v2\/media\/5043"}],"wp:attachment":[{"href":"https:\/\/szonyimuzeum.hu\/en\/wp-json\/wp\/v2\/media?parent=5449"}],"wp:term":[{"taxonomy":"category","embeddable":true,"href":"https:\/\/szonyimuzeum.hu\/en\/wp-json\/wp\/v2\/categories?post=5449"},{"taxonomy":"post_tag","embeddable":true,"href":"https:\/\/szonyimuzeum.hu\/en\/wp-json\/wp\/v2\/tags?post=5449"}],"curies":[{"name":"wp","href":"https:\/\/api.w.org\/{rel}","templated":true}]}}