{"id":5475,"date":"2024-01-25T16:35:31","date_gmt":"2024-01-25T15:35:31","guid":{"rendered":"https:\/\/szonyimuzeum.hu\/?p=5475"},"modified":"2024-01-25T18:42:20","modified_gmt":"2024-01-25T17:42:20","slug":"naplemente-zebegenyben","status":"publish","type":"post","link":"https:\/\/szonyimuzeum.hu\/en\/naplemente-zebegenyben\/","title":{"rendered":"Sunset in Zebeg\u00e9ny - 29 July and 05 August 2023"},"content":{"rendered":"<p><strong>Sunset in Zebeg\u00e9ny&nbsp;<\/strong><\/p>\n\n\n\n<p>On 29 July and 5 August, there will be a cultural sunset walk. The tour will start at the museum, the former home of Istv\u00e1n Sz\u0151nyi, the painter who lived and worked in Zebeg\u00e9ny for 36 years, and then we will walk through the village. As part of the walk, we will admire the sunset from the Ferde meadow, an unforgettable sight for Sz\u0151nyi, which he showed to all his friends who passed by. Like him, we are doing the same.<\/p>\n\n\n\n<p>The participation fee is 2500 HUF.<br>The walk starts with a minimum of 5 participants.<br>Programme start time: 18:00<br>Programme end time: 20:30<br>Please send your interest to <strong>szonyimuzeum1@gmail.com<\/strong> by sending an e-mail to.<\/p>\n\n\n\n<figure data-wp-context=\"{&quot;imageId&quot;:&quot;69f5be4f72353&quot;}\" data-wp-interactive=\"core\/image\" data-wp-key=\"69f5be4f72353\" class=\"wp-block-image size-medium wp-lightbox-container\"><img fetchpriority=\"high\" decoding=\"async\" width=\"700\" height=\"495\" data-wp-class--hide=\"state.isContentHidden\" data-wp-class--show=\"state.isContentVisible\" data-wp-init=\"callbacks.setButtonStyles\" data-wp-on--click=\"actions.showLightbox\" data-wp-on--load=\"callbacks.setButtonStyles\" data-wp-on-window--resize=\"callbacks.setButtonStyles\" src=\"https:\/\/szonyimuzeum.hu\/wp-content\/uploads\/2023\/08\/Zebegenyi-naplemente_aug.-5-700x495.jpg\" alt=\"\" class=\"wp-image-5178\" srcset=\"https:\/\/szonyimuzeum.hu\/wp-content\/uploads\/2023\/08\/Zebegenyi-naplemente_aug.-5-700x495.jpg 700w, https:\/\/szonyimuzeum.hu\/wp-content\/uploads\/2023\/08\/Zebegenyi-naplemente_aug.-5-1024x724.jpg 1024w, https:\/\/szonyimuzeum.hu\/wp-content\/uploads\/2023\/08\/Zebegenyi-naplemente_aug.-5-768x543.jpg 768w, https:\/\/szonyimuzeum.hu\/wp-content\/uploads\/2023\/08\/Zebegenyi-naplemente_aug.-5-1536x1086.jpg 1536w, https:\/\/szonyimuzeum.hu\/wp-content\/uploads\/2023\/08\/Zebegenyi-naplemente_aug.-5.jpg 2000w\" sizes=\"(max-width: 700px) 100vw, 700px\" \/><button\n\t\t\tclass=\"lightbox-trigger\"\n\t\t\ttype=\"button\"\n\t\t\taria-haspopup=\"dialog\"\n\t\t\taria-label=\"Enlarge\"\n\t\t\tdata-wp-init=\"callbacks.initTriggerButton\"\n\t\t\tdata-wp-on--click=\"actions.showLightbox\"\n\t\t\tdata-wp-style--right=\"state.imageButtonRight\"\n\t\t\tdata-wp-style--top=\"state.imageButtonTop\"\n\t\t>\n\t\t\t<svg xmlns=\"http:\/\/www.w3.org\/2000\/svg\" width=\"12\" height=\"12\" fill=\"none\" viewbox=\"0 0 12 12\">\n\t\t\t\t<path fill=\"#fff\" d=\"M2 0a2 2 0 0 0-2 2v2h1.5V2a.5.5 0 0 1 .5-.5h2V0H2Zm2 10.5H2a.5.5 0 0 1-.5-.5V8H0v2a2 2 0 0 0 2 2h2v-1.5ZM8 12v-1.5h2a.5.5 0 0 0 .5-.5V8H12v2a2 2 0 0 1-2 2H8Zm2-12a2 2 0 0 1 2 2v2h-1.5V2a.5.5 0 0 0-.5-.5H8V0h2Z\" \/>\n\t\t\t<\/svg>\n\t\t<\/button><\/figure>","protected":false},"excerpt":{"rendered":"<p>Sunset in Zebeg\u00e9ny On 29 July and 5 August, we will be holding a cultural sunset walk. The tour starts at the museum, the former home of Istv\u00e1n Sz\u0151nyi, a painter who lived and worked in Zebeg\u00e9ny for 36 years, [...]<\/p>","protected":false},"author":3,"featured_media":5172,"comment_status":"open","ping_status":"open","sticky":false,"template":"","format":"standard","meta":{"ngg_post_thumbnail":0,"_price":"","_stock":"","_tribe_ticket_header":"","_tribe_default_ticket_provider":"","_tribe_ticket_capacity":"0","_ticket_start_date":"","_ticket_end_date":"","_tribe_ticket_show_description":"","_tribe_ticket_show_not_going":false,"_tribe_ticket_use_global_stock":"","_tribe_ticket_global_stock_level":"","_global_stock_mode":"","_global_stock_cap":"","_tribe_rsvp_for_event":"","_tribe_ticket_going_count":"","_tribe_ticket_not_going_count":"","_tribe_tickets_list":"[]","_tribe_ticket_has_attendee_info_fields":false,"footnotes":""},"categories":[16],"tags":[],"class_list":["post-5475","post","type-post","status-publish","format-standard","has-post-thumbnail","hentry","category-archivum"],"_links":{"self":[{"href":"https:\/\/szonyimuzeum.hu\/en\/wp-json\/wp\/v2\/posts\/5475","targetHints":{"allow":["GET"]}}],"collection":[{"href":"https:\/\/szonyimuzeum.hu\/en\/wp-json\/wp\/v2\/posts"}],"about":[{"href":"https:\/\/szonyimuzeum.hu\/en\/wp-json\/wp\/v2\/types\/post"}],"author":[{"embeddable":true,"href":"https:\/\/szonyimuzeum.hu\/en\/wp-json\/wp\/v2\/users\/3"}],"replies":[{"embeddable":true,"href":"https:\/\/szonyimuzeum.hu\/en\/wp-json\/wp\/v2\/comments?post=5475"}],"version-history":[{"count":3,"href":"https:\/\/szonyimuzeum.hu\/en\/wp-json\/wp\/v2\/posts\/5475\/revisions"}],"predecessor-version":[{"id":5488,"href":"https:\/\/szonyimuzeum.hu\/en\/wp-json\/wp\/v2\/posts\/5475\/revisions\/5488"}],"wp:featuredmedia":[{"embeddable":true,"href":"https:\/\/szonyimuzeum.hu\/en\/wp-json\/wp\/v2\/media\/5172"}],"wp:attachment":[{"href":"https:\/\/szonyimuzeum.hu\/en\/wp-json\/wp\/v2\/media?parent=5475"}],"wp:term":[{"taxonomy":"category","embeddable":true,"href":"https:\/\/szonyimuzeum.hu\/en\/wp-json\/wp\/v2\/categories?post=5475"},{"taxonomy":"post_tag","embeddable":true,"href":"https:\/\/szonyimuzeum.hu\/en\/wp-json\/wp\/v2\/tags?post=5475"}],"curies":[{"name":"wp","href":"https:\/\/api.w.org\/{rel}","templated":true}]}}