{"id":5485,"date":"2024-01-25T16:41:41","date_gmt":"2024-01-25T15:41:41","guid":{"rendered":"https:\/\/szonyimuzeum.hu\/?p=5485"},"modified":"2024-01-25T18:42:44","modified_gmt":"2024-01-25T17:42:44","slug":"naplemente-zebegenyben-2023-augusztus-12","status":"publish","type":"post","link":"https:\/\/szonyimuzeum.hu\/en\/naplemente-zebegenyben-2023-augusztus-12\/","title":{"rendered":"Sunset in Zebeg\u00e9ny - 12 August 2023."},"content":{"rendered":"<p>On 12 August, a cultural sunset walk will be held.<br>The tour starts in the museum, the former home of Istv\u00e1n Sz\u0151nyi, who lived and worked in Zebeg\u00e9ny for 36 years, and then we will visit the sights of the village. As part of the walk, we will admire the sunset from the Ferde meadow, an unforgettable sight for Sz\u0151nyi, which he showed to all his friends who passed by. Like him, we are doing the same.<\/p>\n\n\n\n<figure data-wp-context=\"{&quot;imageId&quot;:&quot;69f507a026b77&quot;}\" data-wp-interactive=\"core\/image\" data-wp-key=\"69f507a026b77\" class=\"wp-block-image size-medium wp-lightbox-container\"><img fetchpriority=\"high\" decoding=\"async\" width=\"700\" height=\"495\" data-wp-class--hide=\"state.isContentHidden\" data-wp-class--show=\"state.isContentVisible\" data-wp-init=\"callbacks.setButtonStyles\" data-wp-on--click=\"actions.showLightbox\" data-wp-on--load=\"callbacks.setButtonStyles\" data-wp-on-window--resize=\"callbacks.setButtonStyles\" src=\"https:\/\/szonyimuzeum.hu\/wp-content\/uploads\/2023\/08\/Zebegenyi-naplemente_2023.08.05.szombat-700x495.jpg\" alt=\"\" class=\"wp-image-5183\" srcset=\"https:\/\/szonyimuzeum.hu\/wp-content\/uploads\/2023\/08\/Zebegenyi-naplemente_2023.08.05.szombat-700x495.jpg 700w, https:\/\/szonyimuzeum.hu\/wp-content\/uploads\/2023\/08\/Zebegenyi-naplemente_2023.08.05.szombat-1024x724.jpg 1024w, https:\/\/szonyimuzeum.hu\/wp-content\/uploads\/2023\/08\/Zebegenyi-naplemente_2023.08.05.szombat-768x543.jpg 768w, https:\/\/szonyimuzeum.hu\/wp-content\/uploads\/2023\/08\/Zebegenyi-naplemente_2023.08.05.szombat-1536x1086.jpg 1536w, https:\/\/szonyimuzeum.hu\/wp-content\/uploads\/2023\/08\/Zebegenyi-naplemente_2023.08.05.szombat.jpg 2000w\" sizes=\"(max-width: 700px) 100vw, 700px\" \/><button\n\t\t\tclass=\"lightbox-trigger\"\n\t\t\ttype=\"button\"\n\t\t\taria-haspopup=\"dialog\"\n\t\t\taria-label=\"Enlarge\"\n\t\t\tdata-wp-init=\"callbacks.initTriggerButton\"\n\t\t\tdata-wp-on--click=\"actions.showLightbox\"\n\t\t\tdata-wp-style--right=\"state.imageButtonRight\"\n\t\t\tdata-wp-style--top=\"state.imageButtonTop\"\n\t\t>\n\t\t\t<svg xmlns=\"http:\/\/www.w3.org\/2000\/svg\" width=\"12\" height=\"12\" fill=\"none\" viewbox=\"0 0 12 12\">\n\t\t\t\t<path fill=\"#fff\" d=\"M2 0a2 2 0 0 0-2 2v2h1.5V2a.5.5 0 0 1 .5-.5h2V0H2Zm2 10.5H2a.5.5 0 0 1-.5-.5V8H0v2a2 2 0 0 0 2 2h2v-1.5ZM8 12v-1.5h2a.5.5 0 0 0 .5-.5V8H12v2a2 2 0 0 1-2 2H8Zm2-12a2 2 0 0 1 2 2v2h-1.5V2a.5.5 0 0 0-.5-.5H8V0h2Z\" \/>\n\t\t\t<\/svg>\n\t\t<\/button><\/figure>","protected":false},"excerpt":{"rendered":"<p>On 12 August, we will take a cultural sunset walk.The tour starts at the museum, the former home of Istv\u00e1n Sz\u0151nyi, a painter who lived and worked in Zebeg\u00e9ny for 36 years, and then we will walk through the sights of the village. [...]<\/p>","protected":false},"author":3,"featured_media":5183,"comment_status":"open","ping_status":"open","sticky":false,"template":"","format":"standard","meta":{"ngg_post_thumbnail":0,"_price":"","_stock":"","_tribe_ticket_header":"","_tribe_default_ticket_provider":"","_tribe_ticket_capacity":"0","_ticket_start_date":"","_ticket_end_date":"","_tribe_ticket_show_description":"","_tribe_ticket_show_not_going":false,"_tribe_ticket_use_global_stock":"","_tribe_ticket_global_stock_level":"","_global_stock_mode":"","_global_stock_cap":"","_tribe_rsvp_for_event":"","_tribe_ticket_going_count":"","_tribe_ticket_not_going_count":"","_tribe_tickets_list":"[]","_tribe_ticket_has_attendee_info_fields":false,"footnotes":""},"categories":[16],"tags":[],"class_list":["post-5485","post","type-post","status-publish","format-standard","has-post-thumbnail","hentry","category-archivum"],"_links":{"self":[{"href":"https:\/\/szonyimuzeum.hu\/en\/wp-json\/wp\/v2\/posts\/5485","targetHints":{"allow":["GET"]}}],"collection":[{"href":"https:\/\/szonyimuzeum.hu\/en\/wp-json\/wp\/v2\/posts"}],"about":[{"href":"https:\/\/szonyimuzeum.hu\/en\/wp-json\/wp\/v2\/types\/post"}],"author":[{"embeddable":true,"href":"https:\/\/szonyimuzeum.hu\/en\/wp-json\/wp\/v2\/users\/3"}],"replies":[{"embeddable":true,"href":"https:\/\/szonyimuzeum.hu\/en\/wp-json\/wp\/v2\/comments?post=5485"}],"version-history":[{"count":1,"href":"https:\/\/szonyimuzeum.hu\/en\/wp-json\/wp\/v2\/posts\/5485\/revisions"}],"predecessor-version":[{"id":5487,"href":"https:\/\/szonyimuzeum.hu\/en\/wp-json\/wp\/v2\/posts\/5485\/revisions\/5487"}],"wp:featuredmedia":[{"embeddable":true,"href":"https:\/\/szonyimuzeum.hu\/en\/wp-json\/wp\/v2\/media\/5183"}],"wp:attachment":[{"href":"https:\/\/szonyimuzeum.hu\/en\/wp-json\/wp\/v2\/media?parent=5485"}],"wp:term":[{"taxonomy":"category","embeddable":true,"href":"https:\/\/szonyimuzeum.hu\/en\/wp-json\/wp\/v2\/categories?post=5485"},{"taxonomy":"post_tag","embeddable":true,"href":"https:\/\/szonyimuzeum.hu\/en\/wp-json\/wp\/v2\/tags?post=5485"}],"curies":[{"name":"wp","href":"https:\/\/api.w.org\/{rel}","templated":true}]}}