{"id":5811,"date":"2024-07-21T17:59:19","date_gmt":"2024-07-21T15:59:19","guid":{"rendered":"https:\/\/szonyimuzeum.hu\/?p=5811"},"modified":"2025-02-22T16:56:22","modified_gmt":"2025-02-22T15:56:22","slug":"uj-festmeny-a-muzeumban","status":"publish","type":"post","link":"https:\/\/szonyimuzeum.hu\/en\/uj-festmeny-a-muzeumban\/","title":{"rendered":"New paintings in the museum"},"content":{"rendered":"<p class=\"has-text-color has-link-color has-large-font-size wp-elements-50c5cc8bc265fa77ada73f6035f88bb9\" style=\"color:#7393b3\"><\/p>\n\n\n\n<div class=\"wp-block-columns is-layout-flex wp-container-core-columns-is-layout-28f84493 wp-block-columns-is-layout-flex\">\n<div class=\"wp-block-column is-layout-flow wp-block-column-is-layout-flow\" style=\"flex-basis:20%\">\n<p style=\"font-size:27px\"><\/p>\n<\/div>\n\n\n\n<div class=\"wp-block-column is-layout-flow wp-block-column-is-layout-flow\" style=\"flex-basis:100%\">\n<p><strong>New Sz\u0151nyi paintings enrich the museum's permanent exhibition. Eight important works are on loan from the Museum of Fine Arts - Hungarian National Gallery.<\/strong><\/p>\n\n\n\n<p>The works on loan are all of great importance. Some of them have been on display in Zebeg\u00e9ny for years. These include the Friends, the Zebeg\u00e9ny Evening and the Evening panels. For decades, these works adorned the walls of Istv\u00e1n Sz\u0151nyi's former home, but when the maintenance of the gallery changed years ago, the Hungarian National Gallery had them returned to its storage. Now, Zebeg\u00e9ny and the museum have managed to recover these outstanding works. The latest of the eight panel paintings, the painting entitled Bar\u00e1tn\u0151k was painted by Sz\u0151nyi in 1943. It depicts Zsuzsa, his daughter, pondering over an open book, with her friend sitting opposite her, her figure only half visible at the far left. The peasant furniture of Highland origin, which is still on display in the museum, can be recognised in the painting's unique composition. It was bought here by Sz\u0151nyi's father-in-law, J\u00f3zsef Bart\u00f3ky, born in B\u00e9k\u00e9scsaba, after he bought the house in Zebeg\u00e9ny in 1905 as a holiday home. The painting was returned to its rightful place in the Hungarian Room, furnished with peasant furniture. The reader's wavering depiction of Zsuzsa also appears in several Sz\u0151nyi works in the current <em>Father and daughter<\/em> temporary exhibition. The painter often portrayed his growing daughter in this way. He painted Girlfriends during the Second World War, the same year he painted his iconic Garden Bench.<\/p>\n\n\n\n<figure data-wp-context=\"{&quot;imageId&quot;:&quot;69f346a58999d&quot;}\" data-wp-interactive=\"core\/image\" data-wp-key=\"69f346a58999d\" class=\"wp-block-image size-large is-resized wp-lightbox-container\"><img fetchpriority=\"high\" decoding=\"async\" width=\"1024\" height=\"801\" data-wp-class--hide=\"state.isContentHidden\" data-wp-class--show=\"state.isContentVisible\" data-wp-init=\"callbacks.setButtonStyles\" data-wp-on--click=\"actions.showLightbox\" data-wp-on--load=\"callbacks.setButtonStyles\" data-wp-on-window--resize=\"callbacks.setButtonStyles\" src=\"https:\/\/szonyimuzeum.hu\/wp-content\/uploads\/2024\/07\/Baratnok-1024x801.jpg\" alt=\"\" class=\"wp-image-7795\" style=\"width:350px;height:auto\" srcset=\"https:\/\/szonyimuzeum.hu\/wp-content\/uploads\/2024\/07\/Baratnok-1024x801.jpg 1024w, https:\/\/szonyimuzeum.hu\/wp-content\/uploads\/2024\/07\/Baratnok-700x548.jpg 700w, https:\/\/szonyimuzeum.hu\/wp-content\/uploads\/2024\/07\/Baratnok-768x601.jpg 768w, https:\/\/szonyimuzeum.hu\/wp-content\/uploads\/2024\/07\/Baratnok-1536x1201.jpg 1536w, https:\/\/szonyimuzeum.hu\/wp-content\/uploads\/2024\/07\/Baratnok-2048x1602.jpg 2048w\" sizes=\"(max-width: 1024px) 100vw, 1024px\" \/><button\n\t\t\tclass=\"lightbox-trigger\"\n\t\t\ttype=\"button\"\n\t\t\taria-haspopup=\"dialog\"\n\t\t\taria-label=\"Enlarge\"\n\t\t\tdata-wp-init=\"callbacks.initTriggerButton\"\n\t\t\tdata-wp-on--click=\"actions.showLightbox\"\n\t\t\tdata-wp-style--right=\"state.imageButtonRight\"\n\t\t\tdata-wp-style--top=\"state.imageButtonTop\"\n\t\t>\n\t\t\t<svg xmlns=\"http:\/\/www.w3.org\/2000\/svg\" width=\"12\" height=\"12\" fill=\"none\" viewbox=\"0 0 12 12\">\n\t\t\t\t<path fill=\"#fff\" d=\"M2 0a2 2 0 0 0-2 2v2h1.5V2a.5.5 0 0 1 .5-.5h2V0H2Zm2 10.5H2a.5.5 0 0 1-.5-.5V8H0v2a2 2 0 0 0 2 2h2v-1.5ZM8 12v-1.5h2a.5.5 0 0 0 .5-.5V8H12v2a2 2 0 0 1-2 2H8Zm2-12a2 2 0 0 1 2 2v2h-1.5V2a.5.5 0 0 0-.5-.5H8V0h2Z\" \/>\n\t\t\t<\/svg>\n\t\t<\/button><figcaption class=\"wp-element-caption\">Girlfriends, 1943, tempera on canvas<\/figcaption><\/figure>\n\n\n\n<p>The lyrical beauty of Evening, which is housed in the Great Studio, was also created using the egg tempera technique experimented with in Sz\u0151nyi's mature period and in Zebeg\u00e9ny.<\/p>\n\n\n\n<figure data-wp-context=\"{&quot;imageId&quot;:&quot;69f346a589ed5&quot;}\" data-wp-interactive=\"core\/image\" data-wp-key=\"69f346a589ed5\" class=\"wp-block-image size-large is-resized wp-lightbox-container\"><img decoding=\"async\" width=\"645\" height=\"1024\" data-wp-class--hide=\"state.isContentHidden\" data-wp-class--show=\"state.isContentVisible\" data-wp-init=\"callbacks.setButtonStyles\" data-wp-on--click=\"actions.showLightbox\" data-wp-on--load=\"callbacks.setButtonStyles\" data-wp-on-window--resize=\"callbacks.setButtonStyles\" src=\"https:\/\/szonyimuzeum.hu\/wp-content\/uploads\/2024\/07\/Este-645x1024.jpg\" alt=\"\" class=\"wp-image-7796\" style=\"width:357px;height:auto\" srcset=\"https:\/\/szonyimuzeum.hu\/wp-content\/uploads\/2024\/07\/Este-645x1024.jpg 645w, https:\/\/szonyimuzeum.hu\/wp-content\/uploads\/2024\/07\/Este-441x700.jpg 441w, https:\/\/szonyimuzeum.hu\/wp-content\/uploads\/2024\/07\/Este-768x1219.jpg 768w, https:\/\/szonyimuzeum.hu\/wp-content\/uploads\/2024\/07\/Este-968x1536.jpg 968w, https:\/\/szonyimuzeum.hu\/wp-content\/uploads\/2024\/07\/Este-1291x2048.jpg 1291w, https:\/\/szonyimuzeum.hu\/wp-content\/uploads\/2024\/07\/Este-scaled.jpg 1613w\" sizes=\"(max-width: 645px) 100vw, 645px\" \/><button\n\t\t\tclass=\"lightbox-trigger\"\n\t\t\ttype=\"button\"\n\t\t\taria-haspopup=\"dialog\"\n\t\t\taria-label=\"Enlarge\"\n\t\t\tdata-wp-init=\"callbacks.initTriggerButton\"\n\t\t\tdata-wp-on--click=\"actions.showLightbox\"\n\t\t\tdata-wp-style--right=\"state.imageButtonRight\"\n\t\t\tdata-wp-style--top=\"state.imageButtonTop\"\n\t\t>\n\t\t\t<svg xmlns=\"http:\/\/www.w3.org\/2000\/svg\" width=\"12\" height=\"12\" fill=\"none\" viewbox=\"0 0 12 12\">\n\t\t\t\t<path fill=\"#fff\" d=\"M2 0a2 2 0 0 0-2 2v2h1.5V2a.5.5 0 0 1 .5-.5h2V0H2Zm2 10.5H2a.5.5 0 0 1-.5-.5V8H0v2a2 2 0 0 0 2 2h2v-1.5ZM8 12v-1.5h2a.5.5 0 0 0 .5-.5V8H12v2a2 2 0 0 1-2 2H8Zm2-12a2 2 0 0 1 2 2v2h-1.5V2a.5.5 0 0 0-.5-.5H8V0h2Z\" \/>\n\t\t\t<\/svg>\n\t\t<\/button><figcaption class=\"wp-element-caption\">Evening, tempera, canvas<\/figcaption><\/figure>\n\n\n\n<p>The next three paintings, Zebeg\u00e9ny Evening, Landscape on the Danube and Self-Portrait, were made in 1928, the same year as the most successful Zebeg\u00e9ny Funeral, which is on permanent display in the Hungarian National Gallery. In this year, Sz\u0151nyi produced many important works, and we look at these works as the end of his first period. He had been living in Zebeg\u00e9ny with his family for four years, and was committed to the local way of life and painterly themes. The inspiration for his art came from his life in Zebeg\u00e9ny and the things he saw and experienced here. The Danube landscape, village life, his home and family. Despite the honour of a scholarship to Rome in 1929, he could not really make use of it. His stay in Rome lasted only four months, he could not paint there, he had to return home to Zebeg\u00e9ny to reinvigorate his art. <\/p>\n\n\n\n<p>The self-portrait, painted in 1928, was exhibited in the small workshop that Sz\u0151nyi had used for decades. An interesting feature of the picture is the predominant presence of the colour blue. Sz\u0151nyi often portrayed himself in different ways, in different roles in his self-portraits or multi-figure paintings, here he portrayed himself as a painter, brush in hand, in keeping with his vocation. He began to use the many shades of blue in Zebeg\u00e9ny, experimenting with how best to reproduce the air, the water, the glowing space around him. The dark, ochre tones of the past gradually lightened, and his paintings became increasingly serene and suffused with light. After a while, blue becomes almost the most expressive, the most important colour in his palette, defining himself. Self-Portrait is an example of this self-definition with blue.<\/p>\n\n\n\n<div class=\"wp-block-columns is-layout-flex wp-container-core-columns-is-layout-28f84493 wp-block-columns-is-layout-flex\">\n<div class=\"wp-block-column is-layout-flow wp-block-column-is-layout-flow\">\n<figure data-wp-context=\"{&quot;imageId&quot;:&quot;69f346a58a276&quot;}\" data-wp-interactive=\"core\/image\" data-wp-key=\"69f346a58a276\" class=\"wp-block-image aligncenter size-large is-resized wp-lightbox-container\"><img decoding=\"async\" width=\"891\" height=\"1024\" data-wp-class--hide=\"state.isContentHidden\" data-wp-class--show=\"state.isContentVisible\" data-wp-init=\"callbacks.setButtonStyles\" data-wp-on--click=\"actions.showLightbox\" data-wp-on--load=\"callbacks.setButtonStyles\" data-wp-on-window--resize=\"callbacks.setButtonStyles\" src=\"https:\/\/szonyimuzeum.hu\/wp-content\/uploads\/2024\/07\/Onarckep-891x1024.jpg\" alt=\"\" class=\"wp-image-7797\" style=\"width:159px;height:auto\" srcset=\"https:\/\/szonyimuzeum.hu\/wp-content\/uploads\/2024\/07\/Onarckep-891x1024.jpg 891w, https:\/\/szonyimuzeum.hu\/wp-content\/uploads\/2024\/07\/Onarckep-609x700.jpg 609w, https:\/\/szonyimuzeum.hu\/wp-content\/uploads\/2024\/07\/Onarckep-768x883.jpg 768w, https:\/\/szonyimuzeum.hu\/wp-content\/uploads\/2024\/07\/Onarckep-1337x1536.jpg 1337w, https:\/\/szonyimuzeum.hu\/wp-content\/uploads\/2024\/07\/Onarckep.jpg 1442w\" sizes=\"(max-width: 891px) 100vw, 891px\" \/><button\n\t\t\tclass=\"lightbox-trigger\"\n\t\t\ttype=\"button\"\n\t\t\taria-haspopup=\"dialog\"\n\t\t\taria-label=\"Enlarge\"\n\t\t\tdata-wp-init=\"callbacks.initTriggerButton\"\n\t\t\tdata-wp-on--click=\"actions.showLightbox\"\n\t\t\tdata-wp-style--right=\"state.imageButtonRight\"\n\t\t\tdata-wp-style--top=\"state.imageButtonTop\"\n\t\t>\n\t\t\t<svg xmlns=\"http:\/\/www.w3.org\/2000\/svg\" width=\"12\" height=\"12\" fill=\"none\" viewbox=\"0 0 12 12\">\n\t\t\t\t<path fill=\"#fff\" d=\"M2 0a2 2 0 0 0-2 2v2h1.5V2a.5.5 0 0 1 .5-.5h2V0H2Zm2 10.5H2a.5.5 0 0 1-.5-.5V8H0v2a2 2 0 0 0 2 2h2v-1.5ZM8 12v-1.5h2a.5.5 0 0 0 .5-.5V8H12v2a2 2 0 0 1-2 2H8Zm2-12a2 2 0 0 1 2 2v2h-1.5V2a.5.5 0 0 0-.5-.5H8V0h2Z\" \/>\n\t\t\t<\/svg>\n\t\t<\/button><figcaption class=\"wp-element-caption\">Self-portrait, 1928, oil on canvas<\/figcaption><\/figure>\n<\/div>\n\n\n\n<div class=\"wp-block-column is-layout-flow wp-block-column-is-layout-flow\">\n<figure data-wp-context=\"{&quot;imageId&quot;:&quot;69f346a58a6ca&quot;}\" data-wp-interactive=\"core\/image\" data-wp-key=\"69f346a58a6ca\" class=\"wp-block-image aligncenter size-large wp-lightbox-container\"><img loading=\"lazy\" decoding=\"async\" width=\"1024\" height=\"845\" data-wp-class--hide=\"state.isContentHidden\" data-wp-class--show=\"state.isContentVisible\" data-wp-init=\"callbacks.setButtonStyles\" data-wp-on--click=\"actions.showLightbox\" data-wp-on--load=\"callbacks.setButtonStyles\" data-wp-on-window--resize=\"callbacks.setButtonStyles\" src=\"https:\/\/szonyimuzeum.hu\/wp-content\/uploads\/2024\/07\/Zebegenyi-este-1024x845.jpg\" alt=\"\" class=\"wp-image-7798\" srcset=\"https:\/\/szonyimuzeum.hu\/wp-content\/uploads\/2024\/07\/Zebegenyi-este-1024x845.jpg 1024w, https:\/\/szonyimuzeum.hu\/wp-content\/uploads\/2024\/07\/Zebegenyi-este-700x577.jpg 700w, https:\/\/szonyimuzeum.hu\/wp-content\/uploads\/2024\/07\/Zebegenyi-este-768x633.jpg 768w, https:\/\/szonyimuzeum.hu\/wp-content\/uploads\/2024\/07\/Zebegenyi-este-1536x1267.jpg 1536w, https:\/\/szonyimuzeum.hu\/wp-content\/uploads\/2024\/07\/Zebegenyi-este-2048x1689.jpg 2048w\" sizes=\"(max-width: 1024px) 100vw, 1024px\" \/><button\n\t\t\tclass=\"lightbox-trigger\"\n\t\t\ttype=\"button\"\n\t\t\taria-haspopup=\"dialog\"\n\t\t\taria-label=\"Enlarge\"\n\t\t\tdata-wp-init=\"callbacks.initTriggerButton\"\n\t\t\tdata-wp-on--click=\"actions.showLightbox\"\n\t\t\tdata-wp-style--right=\"state.imageButtonRight\"\n\t\t\tdata-wp-style--top=\"state.imageButtonTop\"\n\t\t>\n\t\t\t<svg xmlns=\"http:\/\/www.w3.org\/2000\/svg\" width=\"12\" height=\"12\" fill=\"none\" viewbox=\"0 0 12 12\">\n\t\t\t\t<path fill=\"#fff\" d=\"M2 0a2 2 0 0 0-2 2v2h1.5V2a.5.5 0 0 1 .5-.5h2V0H2Zm2 10.5H2a.5.5 0 0 1-.5-.5V8H0v2a2 2 0 0 0 2 2h2v-1.5ZM8 12v-1.5h2a.5.5 0 0 0 .5-.5V8H12v2a2 2 0 0 1-2 2H8Zm2-12a2 2 0 0 1 2 2v2h-1.5V2a.5.5 0 0 0-.5-.5H8V0h2Z\" \/>\n\t\t\t<\/svg>\n\t\t<\/button><figcaption class=\"wp-element-caption\">Zebeg\u00e9nyi evening, 1928, <br>oil on canvas<\/figcaption><\/figure>\n<\/div>\n\n\n\n<div class=\"wp-block-column is-layout-flow wp-block-column-is-layout-flow\">\n<figure data-wp-context=\"{&quot;imageId&quot;:&quot;69f346a58ab16&quot;}\" data-wp-interactive=\"core\/image\" data-wp-key=\"69f346a58ab16\" class=\"wp-block-image alignright size-large is-resized wp-lightbox-container\"><img loading=\"lazy\" decoding=\"async\" width=\"1024\" height=\"967\" data-wp-class--hide=\"state.isContentHidden\" data-wp-class--show=\"state.isContentVisible\" data-wp-init=\"callbacks.setButtonStyles\" data-wp-on--click=\"actions.showLightbox\" data-wp-on--load=\"callbacks.setButtonStyles\" data-wp-on-window--resize=\"callbacks.setButtonStyles\" src=\"https:\/\/szonyimuzeum.hu\/wp-content\/uploads\/2024\/07\/Dunakanyar-1024x967.jpg\" alt=\"\" class=\"wp-image-7799\" style=\"width:186px;height:auto\" srcset=\"https:\/\/szonyimuzeum.hu\/wp-content\/uploads\/2024\/07\/Dunakanyar-1024x967.jpg 1024w, https:\/\/szonyimuzeum.hu\/wp-content\/uploads\/2024\/07\/Dunakanyar-700x661.jpg 700w, https:\/\/szonyimuzeum.hu\/wp-content\/uploads\/2024\/07\/Dunakanyar-768x725.jpg 768w, https:\/\/szonyimuzeum.hu\/wp-content\/uploads\/2024\/07\/Dunakanyar-1536x1451.jpg 1536w, https:\/\/szonyimuzeum.hu\/wp-content\/uploads\/2024\/07\/Dunakanyar.jpg 1747w\" sizes=\"(max-width: 1024px) 100vw, 1024px\" \/><button\n\t\t\tclass=\"lightbox-trigger\"\n\t\t\ttype=\"button\"\n\t\t\taria-haspopup=\"dialog\"\n\t\t\taria-label=\"Enlarge\"\n\t\t\tdata-wp-init=\"callbacks.initTriggerButton\"\n\t\t\tdata-wp-on--click=\"actions.showLightbox\"\n\t\t\tdata-wp-style--right=\"state.imageButtonRight\"\n\t\t\tdata-wp-style--top=\"state.imageButtonTop\"\n\t\t>\n\t\t\t<svg xmlns=\"http:\/\/www.w3.org\/2000\/svg\" width=\"12\" height=\"12\" fill=\"none\" viewbox=\"0 0 12 12\">\n\t\t\t\t<path fill=\"#fff\" d=\"M2 0a2 2 0 0 0-2 2v2h1.5V2a.5.5 0 0 1 .5-.5h2V0H2Zm2 10.5H2a.5.5 0 0 1-.5-.5V8H0v2a2 2 0 0 0 2 2h2v-1.5ZM8 12v-1.5h2a.5.5 0 0 0 .5-.5V8H12v2a2 2 0 0 1-2 2H8Zm2-12a2 2 0 0 1 2 2v2h-1.5V2a.5.5 0 0 0-.5-.5H8V0h2Z\" \/>\n\t\t\t<\/svg>\n\t\t<\/button><figcaption class=\"wp-element-caption\">Danube landscape, 1928, <br>oil on canvas<\/figcaption><\/figure>\n<\/div>\n<\/div>\n\n\n\n<p>Painted in 1927, Zsuzsa with the wooden horse depicts three-year-old Zsuzsika in bright pink against a light blue background with her toys. The composition was received with great enthusiasm by art critics of the time. M\u00e1riusz Rabinovszky wrote in the journal Nyugat: \"It unfolds so freely, delicately, freshly, colour by colour, as only happy, harmonious, loving eyes can see the incomprehensible beauty of the world.\" It was in Zebeg\u00e9ny that Sz\u0151nyi began to use lighter colours, as the new subjects of his painting demanded. His daughter Zsuzsa is a frequent subject in his paintings, and he documented her and her brother Peter's growth from infancy, leaving us with one of the most complete bodies of work on children.<\/p>\n\n\n\n<figure data-wp-context=\"{&quot;imageId&quot;:&quot;69f346a58b3c7&quot;}\" data-wp-interactive=\"core\/image\" data-wp-key=\"69f346a58b3c7\" class=\"wp-block-image size-large is-resized wp-lightbox-container\"><img loading=\"lazy\" decoding=\"async\" width=\"773\" height=\"1024\" data-wp-class--hide=\"state.isContentHidden\" data-wp-class--show=\"state.isContentVisible\" data-wp-init=\"callbacks.setButtonStyles\" data-wp-on--click=\"actions.showLightbox\" data-wp-on--load=\"callbacks.setButtonStyles\" data-wp-on-window--resize=\"callbacks.setButtonStyles\" src=\"https:\/\/szonyimuzeum.hu\/wp-content\/uploads\/2024\/07\/Zsuzsa-773x1024.jpg\" alt=\"\" class=\"wp-image-7800\" style=\"width:341px;height:auto\" srcset=\"https:\/\/szonyimuzeum.hu\/wp-content\/uploads\/2024\/07\/Zsuzsa-773x1024.jpg 773w, https:\/\/szonyimuzeum.hu\/wp-content\/uploads\/2024\/07\/Zsuzsa-528x700.jpg 528w, https:\/\/szonyimuzeum.hu\/wp-content\/uploads\/2024\/07\/Zsuzsa-768x1017.jpg 768w, https:\/\/szonyimuzeum.hu\/wp-content\/uploads\/2024\/07\/Zsuzsa-1159x1536.jpg 1159w, https:\/\/szonyimuzeum.hu\/wp-content\/uploads\/2024\/07\/Zsuzsa-1546x2048.jpg 1546w, https:\/\/szonyimuzeum.hu\/wp-content\/uploads\/2024\/07\/Zsuzsa-scaled.jpg 1932w\" sizes=\"(max-width: 773px) 100vw, 773px\" \/><button\n\t\t\tclass=\"lightbox-trigger\"\n\t\t\ttype=\"button\"\n\t\t\taria-haspopup=\"dialog\"\n\t\t\taria-label=\"Enlarge\"\n\t\t\tdata-wp-init=\"callbacks.initTriggerButton\"\n\t\t\tdata-wp-on--click=\"actions.showLightbox\"\n\t\t\tdata-wp-style--right=\"state.imageButtonRight\"\n\t\t\tdata-wp-style--top=\"state.imageButtonTop\"\n\t\t>\n\t\t\t<svg xmlns=\"http:\/\/www.w3.org\/2000\/svg\" width=\"12\" height=\"12\" fill=\"none\" viewbox=\"0 0 12 12\">\n\t\t\t\t<path fill=\"#fff\" d=\"M2 0a2 2 0 0 0-2 2v2h1.5V2a.5.5 0 0 1 .5-.5h2V0H2Zm2 10.5H2a.5.5 0 0 1-.5-.5V8H0v2a2 2 0 0 0 2 2h2v-1.5ZM8 12v-1.5h2a.5.5 0 0 0 .5-.5V8H12v2a2 2 0 0 1-2 2H8Zm2-12a2 2 0 0 1 2 2v2h-1.5V2a.5.5 0 0 0-.5-.5H8V0h2Z\" \/>\n\t\t\t<\/svg>\n\t\t<\/button><figcaption class=\"wp-element-caption\">Zsuzsa with the wooden horse, 1927, oil on canvas<\/figcaption><\/figure>\n\n\n\n<p>The bridge over the valley of Zebeg\u00e9ny, as an important motif of the place, was one of the subjects Sz\u0151nyi painted several times. In addition to the never tired view of the Danube bend, the Seven Bridges and the train passing through Zebeg\u00e9ny are also in many of his paintings. The expressive, dramatic Viaduct, painted in 1924, is from the point of view of the stream running alongside the bridge. This is one of his early paintings of Zebeg\u00e9ny, dated the year he moved here.<\/p>\n\n\n\n<p>Several of the paintings on display had to be restored before they could be transported, including the Viaduct. Conservator \u00c9va Berta gave museum staff a glimpse into the Museum of Fine Arts' super-modern conservator's workshop while working on the painting, for which we are very grateful.<\/p>\n\n\n\n<figure data-wp-context=\"{&quot;imageId&quot;:&quot;69f346a58bae7&quot;}\" data-wp-interactive=\"core\/image\" data-wp-key=\"69f346a58bae7\" class=\"wp-block-image size-large is-resized wp-lightbox-container\"><img loading=\"lazy\" decoding=\"async\" width=\"940\" height=\"1024\" data-wp-class--hide=\"state.isContentHidden\" data-wp-class--show=\"state.isContentVisible\" data-wp-init=\"callbacks.setButtonStyles\" data-wp-on--click=\"actions.showLightbox\" data-wp-on--load=\"callbacks.setButtonStyles\" data-wp-on-window--resize=\"callbacks.setButtonStyles\" src=\"https:\/\/szonyimuzeum.hu\/wp-content\/uploads\/2024\/07\/Viadukt-940x1024.jpg\" alt=\"\" class=\"wp-image-7801\" style=\"width:358px;height:auto\" srcset=\"https:\/\/szonyimuzeum.hu\/wp-content\/uploads\/2024\/07\/Viadukt-940x1024.jpg 940w, https:\/\/szonyimuzeum.hu\/wp-content\/uploads\/2024\/07\/Viadukt-642x700.jpg 642w, https:\/\/szonyimuzeum.hu\/wp-content\/uploads\/2024\/07\/Viadukt-768x837.jpg 768w, https:\/\/szonyimuzeum.hu\/wp-content\/uploads\/2024\/07\/Viadukt-1409x1536.jpg 1409w, https:\/\/szonyimuzeum.hu\/wp-content\/uploads\/2024\/07\/Viadukt-1879x2048.jpg 1879w\" sizes=\"(max-width: 940px) 100vw, 940px\" \/><button\n\t\t\tclass=\"lightbox-trigger\"\n\t\t\ttype=\"button\"\n\t\t\taria-haspopup=\"dialog\"\n\t\t\taria-label=\"Enlarge\"\n\t\t\tdata-wp-init=\"callbacks.initTriggerButton\"\n\t\t\tdata-wp-on--click=\"actions.showLightbox\"\n\t\t\tdata-wp-style--right=\"state.imageButtonRight\"\n\t\t\tdata-wp-style--top=\"state.imageButtonTop\"\n\t\t>\n\t\t\t<svg xmlns=\"http:\/\/www.w3.org\/2000\/svg\" width=\"12\" height=\"12\" fill=\"none\" viewbox=\"0 0 12 12\">\n\t\t\t\t<path fill=\"#fff\" d=\"M2 0a2 2 0 0 0-2 2v2h1.5V2a.5.5 0 0 1 .5-.5h2V0H2Zm2 10.5H2a.5.5 0 0 1-.5-.5V8H0v2a2 2 0 0 0 2 2h2v-1.5ZM8 12v-1.5h2a.5.5 0 0 0 .5-.5V8H12v2a2 2 0 0 1-2 2H8Zm2-12a2 2 0 0 1 2 2v2h-1.5V2a.5.5 0 0 0-.5-.5H8V0h2Z\" \/>\n\t\t\t<\/svg>\n\t\t<\/button><figcaption class=\"wp-element-caption\">Restorer \u00c9va Berta working on the painting Viaduct (Viaduct, 1924, oil on canvas)<\/figcaption><\/figure>\n\n\n\n<p>The last work I have left is the monumental work of 1925, with which Sz\u0151nyi won one of the first prizes at the Nude exhibition at the Kunsthalle in the same year.<\/p>\n\n\n\n<p>The painting \"On the Mountain Roof\" was painted the year after he settled in Zebeg\u00e9ny. It is an enormous full-length self-portrait in which the artist paints himself doubled over the Danube. One figure is a nude, the other a half-dressed man in trousers and a hat, a village man. The nude is the mythological, allegorical, idealised figure of neoclassical painting, the symbol of Sz\u0151nyi's painting up to that time, while the other, dressed, with the same posture, is in the background and represents the new era of Zebeg\u00e9nyi. According to Sz\u0151nyi himself, he found in Zebeg\u00e9ny everything he needed to develop his art: the landscape, nature and the people who lived with it. Sz\u0151nyi built an idealised world around himself, rooted in reality, and he wanted to capture not only the Danube Bend, but also the natural, rural life and the harmony that went with it, which he thought was pure and unspoilt. The Mountain Roof is an extraordinary work. The portrayal of his own alter-egos in pairs of opposites, the nude portrait of himself, is rare and unique among self-portraits. Sz\u0151nyi's painting could have been the culmination of a lifetime's work, a summary of his artistic credo.<\/p>\n\n\n\n<p>What is peculiar, however, is that the painting was painted less than a year after his arrival in Zebeg\u00e9ny, as if he knew exactly that this was his final destination, that this was where he imagined his life would end and where he saw this place as an endless source of inspiration for his art. The two figures stand in the landscape above the Danube, like two marker posts, stabbed pegs marking a boundary, signalling that Sz\u0151nyi has arrived and will remain here forever. Life proved him right, Zebeg\u00e9ny had an elemental influence on his art, and he became the painter of the Danube bend.<\/p>\n\n\n\n<figure data-wp-context=\"{&quot;imageId&quot;:&quot;69f346a58beaf&quot;}\" data-wp-interactive=\"core\/image\" data-wp-key=\"69f346a58beaf\" class=\"wp-block-image size-large is-resized wp-lightbox-container\"><img loading=\"lazy\" decoding=\"async\" width=\"625\" height=\"1024\" data-wp-class--hide=\"state.isContentHidden\" data-wp-class--show=\"state.isContentVisible\" data-wp-init=\"callbacks.setButtonStyles\" data-wp-on--click=\"actions.showLightbox\" data-wp-on--load=\"callbacks.setButtonStyles\" data-wp-on-window--resize=\"callbacks.setButtonStyles\" src=\"https:\/\/szonyimuzeum.hu\/wp-content\/uploads\/2024\/07\/Hegyteton-625x1024.jpg\" alt=\"\" class=\"wp-image-7802\" style=\"width:250px;height:auto\" srcset=\"https:\/\/szonyimuzeum.hu\/wp-content\/uploads\/2024\/07\/Hegyteton-625x1024.jpg 625w, https:\/\/szonyimuzeum.hu\/wp-content\/uploads\/2024\/07\/Hegyteton-427x700.jpg 427w, https:\/\/szonyimuzeum.hu\/wp-content\/uploads\/2024\/07\/Hegyteton-768x1259.jpg 768w, https:\/\/szonyimuzeum.hu\/wp-content\/uploads\/2024\/07\/Hegyteton-937x1536.jpg 937w, https:\/\/szonyimuzeum.hu\/wp-content\/uploads\/2024\/07\/Hegyteton-1249x2048.jpg 1249w, https:\/\/szonyimuzeum.hu\/wp-content\/uploads\/2024\/07\/Hegyteton.jpg 1543w\" sizes=\"(max-width: 625px) 100vw, 625px\" \/><button\n\t\t\tclass=\"lightbox-trigger\"\n\t\t\ttype=\"button\"\n\t\t\taria-haspopup=\"dialog\"\n\t\t\taria-label=\"Enlarge\"\n\t\t\tdata-wp-init=\"callbacks.initTriggerButton\"\n\t\t\tdata-wp-on--click=\"actions.showLightbox\"\n\t\t\tdata-wp-style--right=\"state.imageButtonRight\"\n\t\t\tdata-wp-style--top=\"state.imageButtonTop\"\n\t\t>\n\t\t\t<svg xmlns=\"http:\/\/www.w3.org\/2000\/svg\" width=\"12\" height=\"12\" fill=\"none\" viewbox=\"0 0 12 12\">\n\t\t\t\t<path fill=\"#fff\" d=\"M2 0a2 2 0 0 0-2 2v2h1.5V2a.5.5 0 0 1 .5-.5h2V0H2Zm2 10.5H2a.5.5 0 0 1-.5-.5V8H0v2a2 2 0 0 0 2 2h2v-1.5ZM8 12v-1.5h2a.5.5 0 0 0 .5-.5V8H12v2a2 2 0 0 1-2 2H8Zm2-12a2 2 0 0 1 2 2v2h-1.5V2a.5.5 0 0 0-.5-.5H8V0h2Z\" \/>\n\t\t\t<\/svg>\n\t\t<\/button><figcaption class=\"wp-element-caption\">On a Mountain Roof, 1925, oil on canvas<\/figcaption><\/figure>\n\n\n\n<p>I recommend the renewed permanent exhibition and the temporary exhibition until the end of the year. The museum is free of charge for Zebeg\u00e9ny residents. Everyone is welcome.<\/p>\n<\/div>\n<\/div>\n\n\n\n<div class=\"wp-block-columns is-layout-flex wp-container-core-columns-is-layout-28f84493 wp-block-columns-is-layout-flex\">\n<div class=\"wp-block-column is-layout-flow wp-block-column-is-layout-flow\" style=\"flex-basis:20%\"><\/div>\n\n\n\n<div class=\"wp-block-column is-layout-flow wp-block-column-is-layout-flow\" style=\"flex-basis:100%\">\n<p class=\"has-text-color has-link-color wp-elements-6361737a6f02c0125aa160f3278af223\" style=\"color:#7393b3;font-size:27px\"><strong>Danube Bend in Spring - New painting in the museum!<\/strong><\/p>\n<\/div>\n<\/div>\n\n\n\n<div class=\"wp-block-columns is-layout-flex wp-container-core-columns-is-layout-28f84493 wp-block-columns-is-layout-flex\">\n<div class=\"wp-block-column is-layout-flow wp-block-column-is-layout-flow\" style=\"flex-basis:20%\">\n<p style=\"font-size:27px\"><strong>2024. <\/strong><br><strong>17 Jan.<\/strong><\/p>\n<\/div>\n\n\n\n<div class=\"wp-block-column is-layout-flow wp-block-column-is-layout-flow\" style=\"flex-basis:100%\">\n<p>On the 130th anniversary of Istv\u00e1n Sz\u0151nyi's birth, the museum's permanent exhibition was extended with a painting that, in terms of its subject matter, has been missing from the series of works presenting Sz\u0151nyi's art. A <strong>Spring Danube Bend<\/strong> was recently purchased by the Istv\u00e1n Sz\u0151nyi Foundation with the aim of enriching the permanent exhibition of the museum. The work, which is now in the public domain, fills a real gap, as the museum has not had a panel depicting the Danube Bend before. The painting was presented by Zsuzsa Klemmn\u00e9 N\u00e9meth, chairwoman of the foundation's board of trustees and retired director of the museum. She said that the foundation had long wanted to buy a Sz\u0151nyi painting, but previous attempts had failed. With its lush, bright colours, the new painting represents a mature period in Sz\u0151nyi's painting, radiating the harmony and serenity that gradually became dominant in his pictures from the beginning of his time in Zebeg\u00e9nyi.<\/p>\n\n\n\n<figure data-wp-context=\"{&quot;imageId&quot;:&quot;69f346a58c618&quot;}\" data-wp-interactive=\"core\/image\" data-wp-key=\"69f346a58c618\" class=\"wp-block-image size-full is-resized wp-lightbox-container\"><img loading=\"lazy\" decoding=\"async\" width=\"944\" height=\"682\" data-wp-class--hide=\"state.isContentHidden\" data-wp-class--show=\"state.isContentVisible\" data-wp-init=\"callbacks.setButtonStyles\" data-wp-on--click=\"actions.showLightbox\" data-wp-on--load=\"callbacks.setButtonStyles\" data-wp-on-window--resize=\"callbacks.setButtonStyles\" src=\"https:\/\/szonyimuzeum.hu\/wp-content\/uploads\/2024\/01\/Uj-festmeny-a-muzeumban.jpg\" alt=\"\" class=\"wp-image-5824\" style=\"width:259px;height:auto\" srcset=\"https:\/\/szonyimuzeum.hu\/wp-content\/uploads\/2024\/01\/Uj-festmeny-a-muzeumban.jpg 944w, https:\/\/szonyimuzeum.hu\/wp-content\/uploads\/2024\/01\/Uj-festmeny-a-muzeumban-700x506.jpg 700w, https:\/\/szonyimuzeum.hu\/wp-content\/uploads\/2024\/01\/Uj-festmeny-a-muzeumban-768x555.jpg 768w\" sizes=\"(max-width: 944px) 100vw, 944px\" \/><button\n\t\t\tclass=\"lightbox-trigger\"\n\t\t\ttype=\"button\"\n\t\t\taria-haspopup=\"dialog\"\n\t\t\taria-label=\"Enlarge\"\n\t\t\tdata-wp-init=\"callbacks.initTriggerButton\"\n\t\t\tdata-wp-on--click=\"actions.showLightbox\"\n\t\t\tdata-wp-style--right=\"state.imageButtonRight\"\n\t\t\tdata-wp-style--top=\"state.imageButtonTop\"\n\t\t>\n\t\t\t<svg xmlns=\"http:\/\/www.w3.org\/2000\/svg\" width=\"12\" height=\"12\" fill=\"none\" viewbox=\"0 0 12 12\">\n\t\t\t\t<path fill=\"#fff\" d=\"M2 0a2 2 0 0 0-2 2v2h1.5V2a.5.5 0 0 1 .5-.5h2V0H2Zm2 10.5H2a.5.5 0 0 1-.5-.5V8H0v2a2 2 0 0 0 2 2h2v-1.5ZM8 12v-1.5h2a.5.5 0 0 0 .5-.5V8H12v2a2 2 0 0 1-2 2H8Zm2-12a2 2 0 0 1 2 2v2h-1.5V2a.5.5 0 0 0-.5-.5H8V0h2Z\" \/>\n\t\t\t<\/svg>\n\t\t<\/button><\/figure>\n<\/div>\n<\/div>","protected":false},"excerpt":{"rendered":"<p>New Sz\u0151nyi paintings enrich the museum's permanent exhibition. Eight important works are on loan from the Museum of Fine Arts - Hungarian National Gallery. All of the works on loan are of great importance. Some of them have been [...]<\/p>","protected":false},"author":3,"featured_media":7801,"comment_status":"open","ping_status":"open","sticky":true,"template":"","format":"standard","meta":{"ngg_post_thumbnail":0,"_price":"","_stock":"","_tribe_ticket_header":"","_tribe_default_ticket_provider":"","_tribe_ticket_capacity":"0","_ticket_start_date":"","_ticket_end_date":"","_tribe_ticket_show_description":"","_tribe_ticket_show_not_going":false,"_tribe_ticket_use_global_stock":"","_tribe_ticket_global_stock_level":"","_global_stock_mode":"","_global_stock_cap":"","_tribe_rsvp_for_event":"","_tribe_ticket_going_count":"","_tribe_ticket_not_going_count":"","_tribe_tickets_list":"[]","_tribe_ticket_has_attendee_info_fields":false,"footnotes":""},"categories":[12],"tags":[],"class_list":["post-5811","post","type-post","status-publish","format-standard","has-post-thumbnail","hentry","category-hirek"],"_links":{"self":[{"href":"https:\/\/szonyimuzeum.hu\/en\/wp-json\/wp\/v2\/posts\/5811","targetHints":{"allow":["GET"]}}],"collection":[{"href":"https:\/\/szonyimuzeum.hu\/en\/wp-json\/wp\/v2\/posts"}],"about":[{"href":"https:\/\/szonyimuzeum.hu\/en\/wp-json\/wp\/v2\/types\/post"}],"author":[{"embeddable":true,"href":"https:\/\/szonyimuzeum.hu\/en\/wp-json\/wp\/v2\/users\/3"}],"replies":[{"embeddable":true,"href":"https:\/\/szonyimuzeum.hu\/en\/wp-json\/wp\/v2\/comments?post=5811"}],"version-history":[{"count":6,"href":"https:\/\/szonyimuzeum.hu\/en\/wp-json\/wp\/v2\/posts\/5811\/revisions"}],"predecessor-version":[{"id":9549,"href":"https:\/\/szonyimuzeum.hu\/en\/wp-json\/wp\/v2\/posts\/5811\/revisions\/9549"}],"wp:featuredmedia":[{"embeddable":true,"href":"https:\/\/szonyimuzeum.hu\/en\/wp-json\/wp\/v2\/media\/7801"}],"wp:attachment":[{"href":"https:\/\/szonyimuzeum.hu\/en\/wp-json\/wp\/v2\/media?parent=5811"}],"wp:term":[{"taxonomy":"category","embeddable":true,"href":"https:\/\/szonyimuzeum.hu\/en\/wp-json\/wp\/v2\/categories?post=5811"},{"taxonomy":"post_tag","embeddable":true,"href":"https:\/\/szonyimuzeum.hu\/en\/wp-json\/wp\/v2\/tags?post=5811"}],"curies":[{"name":"wp","href":"https:\/\/api.w.org\/{rel}","templated":true}]}}