{"id":3258,"date":"2021-11-15T19:39:53","date_gmt":"2021-11-15T18:39:53","guid":{"rendered":"https:\/\/szonyimuzeum.hu\/?p=3258"},"modified":"2024-01-25T15:18:22","modified_gmt":"2024-01-25T14:18:22","slug":"bartoky-jozsef-fabulai-rajzpalyazat-202102","status":"publish","type":"post","link":"https:\/\/szonyimuzeum.hu\/fr\/bartoky-jozsef-fabulai-rajzpalyazat-202102\/","title":{"rendered":"Concours de dessin des Fables de J\u00f3zsef Bart\u00f3ky 2021."},"content":{"rendered":"<p>Au printemps 2021, le Sz\u0151nyi Istv\u00e1n Memorial Museum a annonc\u00e9 son 4e concours de dessin pour les enfants des classes inf\u00e9rieures et sup\u00e9rieures. Nous avons s\u00e9lectionn\u00e9 six autres fables de J\u00f3zsef Bart\u00f3ky et invit\u00e9 les enfants \u00e0 les illustrer. Les enfants devaient cr\u00e9er une illustration pour l'une des trois fables. La date limite \u00e9tait fix\u00e9e au 30 mai 2021. Le concours \u00e9tait ouvert aux illustrations de format A\/4 ou A\/3, utilisant n'importe quelle technique (crayon, feutre, peinture, fusain, encre, craie). <\/p>\n\n\n\n<p>Les candidatures ont \u00e9t\u00e9 \u00e9valu\u00e9es par un jury professionnel. Les r\u00e9sultats ont \u00e9t\u00e9 annonc\u00e9s le 13 juin et les prix et certificats ont \u00e9t\u00e9 envoy\u00e9s aux laur\u00e9ats par courrier. <\/p>\n\n\n\n<p>Les \u0153uvres gagnantes peuvent \u00eatre consult\u00e9es en cliquant sur le lien ci-dessous : <span style=\"text-decoration: underline;\"><strong><a href=\"https:\/\/szonyimuzeum.hu\/fr\/dijazottaink\/\">NOTE<\/a><\/strong><\/span><\/p>","protected":false},"excerpt":{"rendered":"<p>Au printemps 2021, le Sz\u0151nyi Istv\u00e1n Memorial Museum a annonc\u00e9 son 4e concours de dessin pour les enfants des classes inf\u00e9rieures et sup\u00e9rieures. Nous avons s\u00e9lectionn\u00e9 six autres fables de J\u00f3zsef Bart\u00f3ky et invit\u00e9 les enfants \u00e0 les illustrer. [...]<\/p>","protected":false},"author":1,"featured_media":3261,"comment_status":"open","ping_status":"open","sticky":false,"template":"","format":"standard","meta":{"ngg_post_thumbnail":0,"_price":"","_stock":"","_tribe_ticket_header":"","_tribe_default_ticket_provider":"","_tribe_ticket_capacity":"0","_ticket_start_date":"","_ticket_end_date":"","_tribe_ticket_show_description":"","_tribe_ticket_show_not_going":false,"_tribe_ticket_use_global_stock":"","_tribe_ticket_global_stock_level":"","_global_stock_mode":"","_global_stock_cap":"","_tribe_rsvp_for_event":"","_tribe_ticket_going_count":"","_tribe_ticket_not_going_count":"","_tribe_tickets_list":"[]","_tribe_ticket_has_attendee_info_fields":false,"footnotes":""},"categories":[16],"tags":[],"class_list":["post-3258","post","type-post","status-publish","format-standard","has-post-thumbnail","hentry","category-archivum"],"_links":{"self":[{"href":"https:\/\/szonyimuzeum.hu\/fr\/wp-json\/wp\/v2\/posts\/3258","targetHints":{"allow":["GET"]}}],"collection":[{"href":"https:\/\/szonyimuzeum.hu\/fr\/wp-json\/wp\/v2\/posts"}],"about":[{"href":"https:\/\/szonyimuzeum.hu\/fr\/wp-json\/wp\/v2\/types\/post"}],"author":[{"embeddable":true,"href":"https:\/\/szonyimuzeum.hu\/fr\/wp-json\/wp\/v2\/users\/1"}],"replies":[{"embeddable":true,"href":"https:\/\/szonyimuzeum.hu\/fr\/wp-json\/wp\/v2\/comments?post=3258"}],"version-history":[{"count":3,"href":"https:\/\/szonyimuzeum.hu\/fr\/wp-json\/wp\/v2\/posts\/3258\/revisions"}],"predecessor-version":[{"id":3266,"href":"https:\/\/szonyimuzeum.hu\/fr\/wp-json\/wp\/v2\/posts\/3258\/revisions\/3266"}],"wp:featuredmedia":[{"embeddable":true,"href":"https:\/\/szonyimuzeum.hu\/fr\/wp-json\/wp\/v2\/media\/3261"}],"wp:attachment":[{"href":"https:\/\/szonyimuzeum.hu\/fr\/wp-json\/wp\/v2\/media?parent=3258"}],"wp:term":[{"taxonomy":"category","embeddable":true,"href":"https:\/\/szonyimuzeum.hu\/fr\/wp-json\/wp\/v2\/categories?post=3258"},{"taxonomy":"post_tag","embeddable":true,"href":"https:\/\/szonyimuzeum.hu\/fr\/wp-json\/wp\/v2\/tags?post=3258"}],"curies":[{"name":"wp","href":"https:\/\/api.w.org\/{rel}","templated":true}]}}