{"id":3268,"date":"2021-12-09T08:50:07","date_gmt":"2021-12-09T07:50:07","guid":{"rendered":"https:\/\/szonyimuzeum.hu\/?p=3268"},"modified":"2024-01-25T15:17:35","modified_gmt":"2024-01-25T14:17:35","slug":"veget-ert-a-rajzpalyazat","status":"publish","type":"post","link":"https:\/\/szonyimuzeum.hu\/fr\/veget-ert-a-rajzpalyazat\/","title":{"rendered":"Le concours de dessins de No\u00ebl est termin\u00e9 !"},"content":{"rendered":"<p>Le mus\u00e9e Sz\u0151nyi a lanc\u00e9 son concours de dessins de No\u00ebl pour 2021, demandant aux enfants de cr\u00e9er des ornements pour l'arbre de No\u00ebl du mus\u00e9e. Un grand nombre de dessins ont \u00e9t\u00e9 re\u00e7us, et cette ann\u00e9e, pour la premi\u00e8re fois, nous avons annonc\u00e9 les r\u00e9sultats dans la cat\u00e9gorie senior.<\/p>\n\n\n\n<p>Le 27 novembre, les dessins ont \u00e9t\u00e9 accroch\u00e9s \u00e0 un pin dans la cour du mus\u00e9e, qui sera expos\u00e9 jusqu'au 6 janvier. <\/p>\n\n\n\n<p>Les r\u00e9sultats ont \u00e9t\u00e9 annonc\u00e9s dans les cat\u00e9gories junior et senior, et les laur\u00e9ats ont re\u00e7u leur prix par courrier. Les \u0153uvres gagnantes seront annonc\u00e9es prochainement <a href=\"https:\/\/szonyimuzeum.hu\/fr\/karacsonyi-rajzversenyunk-dijazottjai\/\" data-type=\"URL\">peut \u00eatre consult\u00e9e ici.<\/a><\/p>","protected":false},"excerpt":{"rendered":"<p>Le mus\u00e9e Sz\u0151nyi a lanc\u00e9 son concours de dessins de No\u00ebl pour 2021, demandant aux enfants de cr\u00e9er des ornements pour l'arbre de No\u00ebl du mus\u00e9e. Un grand nombre de dessins ont \u00e9t\u00e9 re\u00e7us, et cette ann\u00e9e, pour la premi\u00e8re fois, nous avons annonc\u00e9 les r\u00e9sultats dans la cat\u00e9gorie senior. A [...]<\/p>","protected":false},"author":1,"featured_media":3269,"comment_status":"closed","ping_status":"closed","sticky":false,"template":"","format":"standard","meta":{"ngg_post_thumbnail":0,"_price":"","_stock":"","_tribe_ticket_header":"","_tribe_default_ticket_provider":"","_tribe_ticket_capacity":"0","_ticket_start_date":"","_ticket_end_date":"","_tribe_ticket_show_description":"","_tribe_ticket_show_not_going":false,"_tribe_ticket_use_global_stock":"","_tribe_ticket_global_stock_level":"","_global_stock_mode":"","_global_stock_cap":"","_tribe_rsvp_for_event":"","_tribe_ticket_going_count":"","_tribe_ticket_not_going_count":"","_tribe_tickets_list":"[]","_tribe_ticket_has_attendee_info_fields":false,"footnotes":""},"categories":[16],"tags":[],"class_list":["post-3268","post","type-post","status-publish","format-standard","has-post-thumbnail","hentry","category-archivum"],"_links":{"self":[{"href":"https:\/\/szonyimuzeum.hu\/fr\/wp-json\/wp\/v2\/posts\/3268","targetHints":{"allow":["GET"]}}],"collection":[{"href":"https:\/\/szonyimuzeum.hu\/fr\/wp-json\/wp\/v2\/posts"}],"about":[{"href":"https:\/\/szonyimuzeum.hu\/fr\/wp-json\/wp\/v2\/types\/post"}],"author":[{"embeddable":true,"href":"https:\/\/szonyimuzeum.hu\/fr\/wp-json\/wp\/v2\/users\/1"}],"replies":[{"embeddable":true,"href":"https:\/\/szonyimuzeum.hu\/fr\/wp-json\/wp\/v2\/comments?post=3268"}],"version-history":[{"count":4,"href":"https:\/\/szonyimuzeum.hu\/fr\/wp-json\/wp\/v2\/posts\/3268\/revisions"}],"predecessor-version":[{"id":3310,"href":"https:\/\/szonyimuzeum.hu\/fr\/wp-json\/wp\/v2\/posts\/3268\/revisions\/3310"}],"wp:featuredmedia":[{"embeddable":true,"href":"https:\/\/szonyimuzeum.hu\/fr\/wp-json\/wp\/v2\/media\/3269"}],"wp:attachment":[{"href":"https:\/\/szonyimuzeum.hu\/fr\/wp-json\/wp\/v2\/media?parent=3268"}],"wp:term":[{"taxonomy":"category","embeddable":true,"href":"https:\/\/szonyimuzeum.hu\/fr\/wp-json\/wp\/v2\/categories?post=3268"},{"taxonomy":"post_tag","embeddable":true,"href":"https:\/\/szonyimuzeum.hu\/fr\/wp-json\/wp\/v2\/tags?post=3268"}],"curies":[{"name":"wp","href":"https:\/\/api.w.org\/{rel}","templated":true}]}}