{"id":5449,"date":"2024-01-25T16:03:06","date_gmt":"2024-01-25T15:03:06","guid":{"rendered":"https:\/\/szonyimuzeum.hu\/?p=5449"},"modified":"2024-01-27T16:38:22","modified_gmt":"2024-01-27T15:38:22","slug":"meghivo","status":"publish","type":"post","link":"https:\/\/szonyimuzeum.hu\/fr\/meghivo\/","title":{"rendered":"AVIS"},"content":{"rendered":"<p>Le mus\u00e9e comm\u00e9moratif Sz\u0151nyi Istv\u00e1n vous invite cordialement \u00e0 l'exposition suivante <strong>FEBRULE AVEC UNE IMAGE DE VILLAGE - Vie du village<\/strong> pour le vernissage de son exposition. <\/p>\n\n\n\n<p><strong>L'exposition sera inaugur\u00e9e par :<\/strong> Dr. Emese R\u00e9v\u00e9sz, professeur associ\u00e9 \u00e0 l'Institut d'histoire de l'art, ELTE<br><strong>Ils contribuent \u00e0 :<\/strong> \u00c9l\u00e8ves de 4e ann\u00e9e de l'\u00e9cole \u00e9l\u00e9mentaire Sz\u0151nyi Istv\u00e1n et de l'\u00e9cole \u00e9l\u00e9mentaire d'art de Zebeg\u00e9ny<br><strong>Il m'a appris la danse :<\/strong> Krisztina Pincze<\/p>\n\n\n\n<p><strong>Date :<\/strong> 20 mai 2023, samedi 15:00<br><strong>Localisation :<\/strong> 2627 Zebeg\u00e9ny, Bart\u00f3ky J\u00f3zsef \u00fat 7.<br>L'exposition sera ouverte du 20 mai au 13 ao\u00fbt 2023.<\/p>\n\n\n\n<p>Le travail du mus\u00e9e est soutenu par la Fondation Istv\u00e1n Sz\u0151nyi.<\/p>","protected":false},"excerpt":{"rendered":"<p>Le Sz\u0151nyi Istv\u00e1n Memorial Museum vous invite cordialement \u00e0 l'inauguration de l'exposition \"ZEBEG\u00c9NY SZ\u0150NYI SZEM\u00c9VEL - La vie au village\". L'exposition sera inaugur\u00e9e par le Dr. Emese R\u00e9v\u00e9sz, professeur associ\u00e9 \u00e0 l'Institut d'histoire de l'art, ELTE.<\/p>","protected":false},"author":3,"featured_media":5043,"comment_status":"open","ping_status":"open","sticky":false,"template":"","format":"standard","meta":{"ngg_post_thumbnail":0,"_price":"","_stock":"","_tribe_ticket_header":"","_tribe_default_ticket_provider":"","_tribe_ticket_capacity":"0","_ticket_start_date":"","_ticket_end_date":"","_tribe_ticket_show_description":"","_tribe_ticket_show_not_going":false,"_tribe_ticket_use_global_stock":"","_tribe_ticket_global_stock_level":"","_global_stock_mode":"","_global_stock_cap":"","_tribe_rsvp_for_event":"","_tribe_ticket_going_count":"","_tribe_ticket_not_going_count":"","_tribe_tickets_list":"[]","_tribe_ticket_has_attendee_info_fields":false,"footnotes":""},"categories":[16],"tags":[],"class_list":["post-5449","post","type-post","status-publish","format-standard","has-post-thumbnail","hentry","category-archivum"],"_links":{"self":[{"href":"https:\/\/szonyimuzeum.hu\/fr\/wp-json\/wp\/v2\/posts\/5449","targetHints":{"allow":["GET"]}}],"collection":[{"href":"https:\/\/szonyimuzeum.hu\/fr\/wp-json\/wp\/v2\/posts"}],"about":[{"href":"https:\/\/szonyimuzeum.hu\/fr\/wp-json\/wp\/v2\/types\/post"}],"author":[{"embeddable":true,"href":"https:\/\/szonyimuzeum.hu\/fr\/wp-json\/wp\/v2\/users\/3"}],"replies":[{"embeddable":true,"href":"https:\/\/szonyimuzeum.hu\/fr\/wp-json\/wp\/v2\/comments?post=5449"}],"version-history":[{"count":1,"href":"https:\/\/szonyimuzeum.hu\/fr\/wp-json\/wp\/v2\/posts\/5449\/revisions"}],"predecessor-version":[{"id":5450,"href":"https:\/\/szonyimuzeum.hu\/fr\/wp-json\/wp\/v2\/posts\/5449\/revisions\/5450"}],"wp:featuredmedia":[{"embeddable":true,"href":"https:\/\/szonyimuzeum.hu\/fr\/wp-json\/wp\/v2\/media\/5043"}],"wp:attachment":[{"href":"https:\/\/szonyimuzeum.hu\/fr\/wp-json\/wp\/v2\/media?parent=5449"}],"wp:term":[{"taxonomy":"category","embeddable":true,"href":"https:\/\/szonyimuzeum.hu\/fr\/wp-json\/wp\/v2\/categories?post=5449"},{"taxonomy":"post_tag","embeddable":true,"href":"https:\/\/szonyimuzeum.hu\/fr\/wp-json\/wp\/v2\/tags?post=5449"}],"curies":[{"name":"wp","href":"https:\/\/api.w.org\/{rel}","templated":true}]}}