{"id":5454,"date":"2024-01-25T16:11:38","date_gmt":"2024-01-25T15:11:38","guid":{"rendered":"https:\/\/szonyimuzeum.hu\/?p=5454"},"modified":"2024-01-25T18:41:43","modified_gmt":"2024-01-25T17:41:43","slug":"muzeumi-szunetelo-11-14-eves-gyermekeknek","status":"publish","type":"post","link":"https:\/\/szonyimuzeum.hu\/fr\/muzeumi-szunetelo-11-14-eves-gyermekeknek\/","title":{"rendered":"S\u00e9jour au mus\u00e9e pour les enfants de 11 \u00e0 14 ans"},"content":{"rendered":"<p>Date du camp d'\u00e9t\u00e9 : 26-30 juin 2023.<br>Lieu : Mus\u00e9e comm\u00e9moratif Istv\u00e1n Sz\u0151nyi, <br>               Zebeg\u00e9ny, Bart\u00f3ky J\u00f3zsef \u00fat 7.<\/p>\n\n\n\n<figure data-wp-context=\"{&quot;imageId&quot;:&quot;69f3d2c0af61a&quot;}\" data-wp-interactive=\"core\/image\" data-wp-key=\"69f3d2c0af61a\" class=\"wp-block-image size-medium wp-lightbox-container\"><img fetchpriority=\"high\" decoding=\"async\" width=\"495\" height=\"700\" data-wp-class--hide=\"state.isContentHidden\" data-wp-class--show=\"state.isContentVisible\" data-wp-init=\"callbacks.setButtonStyles\" data-wp-on--click=\"actions.showLightbox\" data-wp-on--load=\"callbacks.setButtonStyles\" data-wp-on-window--resize=\"callbacks.setButtonStyles\" src=\"https:\/\/szonyimuzeum.hu\/wp-content\/uploads\/2023\/06\/Muzeumi-szunetelo-felsosoknek_2023-495x700.jpg\" alt=\"\" class=\"wp-image-5106\" srcset=\"https:\/\/szonyimuzeum.hu\/wp-content\/uploads\/2023\/06\/Muzeumi-szunetelo-felsosoknek_2023-495x700.jpg 495w, https:\/\/szonyimuzeum.hu\/wp-content\/uploads\/2023\/06\/Muzeumi-szunetelo-felsosoknek_2023.jpg 724w\" sizes=\"(max-width: 495px) 100vw, 495px\" \/><button\n\t\t\tclass=\"lightbox-trigger\"\n\t\t\ttype=\"button\"\n\t\t\taria-haspopup=\"dialog\"\n\t\t\taria-label=\"Agrandir\"\n\t\t\tdata-wp-init=\"callbacks.initTriggerButton\"\n\t\t\tdata-wp-on--click=\"actions.showLightbox\"\n\t\t\tdata-wp-style--right=\"state.imageButtonRight\"\n\t\t\tdata-wp-style--top=\"state.imageButtonTop\"\n\t\t>\n\t\t\t<svg xmlns=\"http:\/\/www.w3.org\/2000\/svg\" width=\"12\" height=\"12\" fill=\"none\" viewbox=\"0 0 12 12\">\n\t\t\t\t<path fill=\"#fff\" d=\"M2 0a2 2 0 0 0-2 2v2h1.5V2a.5.5 0 0 1 .5-.5h2V0H2Zm2 10.5H2a.5.5 0 0 1-.5-.5V8H0v2a2 2 0 0 0 2 2h2v-1.5ZM8 12v-1.5h2a.5.5 0 0 0 .5-.5V8H12v2a2 2 0 0 1-2 2H8Zm2-12a2 2 0 0 1 2 2v2h-1.5V2a.5.5 0 0 0-.5-.5H8V0h2Z\" \/>\n\t\t\t<\/svg>\n\t\t<\/button><\/figure>","protected":false},"excerpt":{"rendered":"<p>Date du camp d'\u00e9t\u00e9 : 26-30 juin 2023 Lieu : Mus\u00e9e comm\u00e9moratif Istv\u00e1n Sz\u0151nyi, Zebeg\u00e9ny, Bart\u00f3ky J\u00f3zsef \u00fat 7.<\/p>","protected":false},"author":3,"featured_media":5106,"comment_status":"open","ping_status":"open","sticky":false,"template":"","format":"standard","meta":{"ngg_post_thumbnail":0,"_price":"","_stock":"","_tribe_ticket_header":"","_tribe_default_ticket_provider":"","_tribe_ticket_capacity":"0","_ticket_start_date":"","_ticket_end_date":"","_tribe_ticket_show_description":"","_tribe_ticket_show_not_going":false,"_tribe_ticket_use_global_stock":"","_tribe_ticket_global_stock_level":"","_global_stock_mode":"","_global_stock_cap":"","_tribe_rsvp_for_event":"","_tribe_ticket_going_count":"","_tribe_ticket_not_going_count":"","_tribe_tickets_list":"[]","_tribe_ticket_has_attendee_info_fields":false,"footnotes":""},"categories":[16],"tags":[],"class_list":["post-5454","post","type-post","status-publish","format-standard","has-post-thumbnail","hentry","category-archivum"],"_links":{"self":[{"href":"https:\/\/szonyimuzeum.hu\/fr\/wp-json\/wp\/v2\/posts\/5454","targetHints":{"allow":["GET"]}}],"collection":[{"href":"https:\/\/szonyimuzeum.hu\/fr\/wp-json\/wp\/v2\/posts"}],"about":[{"href":"https:\/\/szonyimuzeum.hu\/fr\/wp-json\/wp\/v2\/types\/post"}],"author":[{"embeddable":true,"href":"https:\/\/szonyimuzeum.hu\/fr\/wp-json\/wp\/v2\/users\/3"}],"replies":[{"embeddable":true,"href":"https:\/\/szonyimuzeum.hu\/fr\/wp-json\/wp\/v2\/comments?post=5454"}],"version-history":[{"count":3,"href":"https:\/\/szonyimuzeum.hu\/fr\/wp-json\/wp\/v2\/posts\/5454\/revisions"}],"predecessor-version":[{"id":5469,"href":"https:\/\/szonyimuzeum.hu\/fr\/wp-json\/wp\/v2\/posts\/5454\/revisions\/5469"}],"wp:featuredmedia":[{"embeddable":true,"href":"https:\/\/szonyimuzeum.hu\/fr\/wp-json\/wp\/v2\/media\/5106"}],"wp:attachment":[{"href":"https:\/\/szonyimuzeum.hu\/fr\/wp-json\/wp\/v2\/media?parent=5454"}],"wp:term":[{"taxonomy":"category","embeddable":true,"href":"https:\/\/szonyimuzeum.hu\/fr\/wp-json\/wp\/v2\/categories?post=5454"},{"taxonomy":"post_tag","embeddable":true,"href":"https:\/\/szonyimuzeum.hu\/fr\/wp-json\/wp\/v2\/tags?post=5454"}],"curies":[{"name":"wp","href":"https:\/\/api.w.org\/{rel}","templated":true}]}}