{"id":5511,"date":"2024-01-25T17:46:37","date_gmt":"2024-01-25T16:46:37","guid":{"rendered":"https:\/\/szonyimuzeum.hu\/?p=5511"},"modified":"2024-01-25T18:43:11","modified_gmt":"2024-01-25T17:43:11","slug":"keramia-foglalkozas-sorozat-2023-november-es-december-hetvegein","status":"publish","type":"post","link":"https:\/\/szonyimuzeum.hu\/fr\/keramia-foglalkozas-sorozat-2023-november-es-december-hetvegein\/","title":{"rendered":"S\u00e9rie de c\u00e9ramiques - week-ends de novembre et d\u00e9cembre 2023"},"content":{"rendered":"<p><strong>Les dimanches de l'artisanat au mus\u00e9e Sz\u0151nyi !<\/strong><\/p>\n\n\n\n<p>Les ateliers de c\u00e9ramique sur diff\u00e9rents th\u00e8mes sont organis\u00e9s par l'Institut de la culture et de l'\u00e9ducation.&nbsp;<a href=\"mailto:criminalcrafthu@gmail.com\" target=\"_blank\" rel=\"noreferrer noopener\">criminalcrafthu@gmail.com<\/a>vous pouvez poser votre candidature \u00e0 l'adresse suivante<\/p>\n\n\n\n<ul class=\"wp-block-list\">\n<li>Les prix comprennent le co\u00fbt des mat\u00e9riaux, de la cuisson et de l'accompagnement professionnel.<\/li>\n\n\n\n<li>Les \u0153uvres finies pourront \u00eatre retir\u00e9es au mus\u00e9e les 15, 16 et 17 d\u00e9cembre entre 10 et 16 heures - pendant les heures d'ouverture du mus\u00e9e - et la quantit\u00e9 n'est d\u00e9termin\u00e9e que par l'enthousiasme et le temps.<\/li>\n<\/ul>\n\n\n\n<figure data-wp-context=\"{&quot;imageId&quot;:&quot;69f31beb12d3b&quot;}\" data-wp-interactive=\"core\/image\" data-wp-key=\"69f31beb12d3b\" class=\"wp-block-image size-medium wp-lightbox-container\"><img fetchpriority=\"high\" decoding=\"async\" width=\"494\" height=\"700\" data-wp-class--hide=\"state.isContentHidden\" data-wp-class--show=\"state.isContentVisible\" data-wp-init=\"callbacks.setButtonStyles\" data-wp-on--click=\"actions.showLightbox\" data-wp-on--load=\"callbacks.setButtonStyles\" data-wp-on-window--resize=\"callbacks.setButtonStyles\" src=\"https:\/\/szonyimuzeum.hu\/wp-content\/uploads\/2023\/11\/Teli-keramia-foglalkozas_2023-494x700.jpg\" alt=\"\" class=\"wp-image-5348\" srcset=\"https:\/\/szonyimuzeum.hu\/wp-content\/uploads\/2023\/11\/Teli-keramia-foglalkozas_2023-494x700.jpg 494w, https:\/\/szonyimuzeum.hu\/wp-content\/uploads\/2023\/11\/Teli-keramia-foglalkozas_2023.jpg 723w\" sizes=\"(max-width: 494px) 100vw, 494px\" \/><button\n\t\t\tclass=\"lightbox-trigger\"\n\t\t\ttype=\"button\"\n\t\t\taria-haspopup=\"dialog\"\n\t\t\taria-label=\"Agrandir\"\n\t\t\tdata-wp-init=\"callbacks.initTriggerButton\"\n\t\t\tdata-wp-on--click=\"actions.showLightbox\"\n\t\t\tdata-wp-style--right=\"state.imageButtonRight\"\n\t\t\tdata-wp-style--top=\"state.imageButtonTop\"\n\t\t>\n\t\t\t<svg xmlns=\"http:\/\/www.w3.org\/2000\/svg\" width=\"12\" height=\"12\" fill=\"none\" viewbox=\"0 0 12 12\">\n\t\t\t\t<path fill=\"#fff\" d=\"M2 0a2 2 0 0 0-2 2v2h1.5V2a.5.5 0 0 1 .5-.5h2V0H2Zm2 10.5H2a.5.5 0 0 1-.5-.5V8H0v2a2 2 0 0 0 2 2h2v-1.5ZM8 12v-1.5h2a.5.5 0 0 0 .5-.5V8H12v2a2 2 0 0 1-2 2H8Zm2-12a2 2 0 0 1 2 2v2h-1.5V2a.5.5 0 0 0-.5-.5H8V0h2Z\" \/>\n\t\t\t<\/svg>\n\t\t<\/button><\/figure>","protected":false},"excerpt":{"rendered":"<p>Les dimanches de l'artisanat au mus\u00e9e Sz\u0151nyi ! Vous pouvez vous inscrire aux ateliers de c\u00e9ramique sur diff\u00e9rents th\u00e8mes \u00e0 l'adresse criminalcrafthu@gmail.comc\u00edmen.<\/p>","protected":false},"author":3,"featured_media":5348,"comment_status":"open","ping_status":"open","sticky":false,"template":"","format":"standard","meta":{"ngg_post_thumbnail":0,"_price":"","_stock":"","_tribe_ticket_header":"","_tribe_default_ticket_provider":"","_tribe_ticket_capacity":"0","_ticket_start_date":"","_ticket_end_date":"","_tribe_ticket_show_description":"","_tribe_ticket_show_not_going":false,"_tribe_ticket_use_global_stock":"","_tribe_ticket_global_stock_level":"","_global_stock_mode":"","_global_stock_cap":"","_tribe_rsvp_for_event":"","_tribe_ticket_going_count":"","_tribe_ticket_not_going_count":"","_tribe_tickets_list":"[]","_tribe_ticket_has_attendee_info_fields":false,"footnotes":""},"categories":[16],"tags":[],"class_list":["post-5511","post","type-post","status-publish","format-standard","has-post-thumbnail","hentry","category-archivum"],"_links":{"self":[{"href":"https:\/\/szonyimuzeum.hu\/fr\/wp-json\/wp\/v2\/posts\/5511","targetHints":{"allow":["GET"]}}],"collection":[{"href":"https:\/\/szonyimuzeum.hu\/fr\/wp-json\/wp\/v2\/posts"}],"about":[{"href":"https:\/\/szonyimuzeum.hu\/fr\/wp-json\/wp\/v2\/types\/post"}],"author":[{"embeddable":true,"href":"https:\/\/szonyimuzeum.hu\/fr\/wp-json\/wp\/v2\/users\/3"}],"replies":[{"embeddable":true,"href":"https:\/\/szonyimuzeum.hu\/fr\/wp-json\/wp\/v2\/comments?post=5511"}],"version-history":[{"count":1,"href":"https:\/\/szonyimuzeum.hu\/fr\/wp-json\/wp\/v2\/posts\/5511\/revisions"}],"predecessor-version":[{"id":5512,"href":"https:\/\/szonyimuzeum.hu\/fr\/wp-json\/wp\/v2\/posts\/5511\/revisions\/5512"}],"wp:featuredmedia":[{"embeddable":true,"href":"https:\/\/szonyimuzeum.hu\/fr\/wp-json\/wp\/v2\/media\/5348"}],"wp:attachment":[{"href":"https:\/\/szonyimuzeum.hu\/fr\/wp-json\/wp\/v2\/media?parent=5511"}],"wp:term":[{"taxonomy":"category","embeddable":true,"href":"https:\/\/szonyimuzeum.hu\/fr\/wp-json\/wp\/v2\/categories?post=5511"},{"taxonomy":"post_tag","embeddable":true,"href":"https:\/\/szonyimuzeum.hu\/fr\/wp-json\/wp\/v2\/tags?post=5511"}],"curies":[{"name":"wp","href":"https:\/\/api.w.org\/{rel}","templated":true}]}}