{"id":5519,"date":"2024-09-29T16:00:42","date_gmt":"2024-09-29T14:00:42","guid":{"rendered":"https:\/\/szonyimuzeum.hu\/?p=5519"},"modified":"2025-04-02T17:16:43","modified_gmt":"2025-04-02T15:16:43","slug":"vezetett-setak-zebegenyben-2023-november-18-es-25","status":"publish","type":"post","link":"https:\/\/szonyimuzeum.hu\/fr\/vezetett-setak-zebegenyben-2023-november-18-es-25\/","title":{"rendered":"Promenades guid\u00e9es"},"content":{"rendered":"<p class=\"has-text-color has-link-color has-large-font-size wp-elements-50c5cc8bc265fa77ada73f6035f88bb9\" style=\"color:#7393b3\"><\/p>\n\n\n\n<div class=\"wp-block-columns is-layout-flex wp-container-core-columns-is-layout-28f84493 wp-block-columns-is-layout-flex\">\n<div class=\"wp-block-column is-layout-flow wp-block-column-is-layout-flow\" style=\"flex-basis:20%\">\n<p class=\"has-large-font-size\"><\/p>\n\n\n\n<div class=\"wp-block-columns is-layout-flex wp-container-core-columns-is-layout-28f84493 wp-block-columns-is-layout-flex\">\n<div class=\"wp-block-column is-layout-flow wp-block-column-is-layout-flow\">\n<p class=\"has-medium-font-size\"><\/p>\n<\/div>\n<\/div>\n<\/div>\n\n\n\n<div class=\"wp-block-column is-layout-flow wp-block-column-is-layout-flow\" style=\"flex-basis:100%\">\n<p>D\u00e9couvrez Zebeg\u00e9ny ! Nos promenades guid\u00e9es commencent \u00e0 la maison d'Istv\u00e1n Sz\u0151nyi, le peintre du coude du Danube, puis nous nous promenons dans le village et vous montrons les curiosit\u00e9s de Zebeg\u00e9ny.  <\/p>\n\n\n\n<p><\/p>\n<\/div>\n<\/div>\n\n\n\n<p><\/p>","protected":false},"excerpt":{"rendered":"<p>D\u00e9couvrez Zebeg\u00e9ny ! Nos promenades guid\u00e9es commencent \u00e0 la maison d'Istv\u00e1n Sz\u0151nyi, le peintre du coude du Danube, puis nous nous promenons dans le village et vous montrons les curiosit\u00e9s de Zebeg\u00e9ny.<\/p>","protected":false},"author":3,"featured_media":7000,"comment_status":"open","ping_status":"open","sticky":false,"template":"","format":"standard","meta":{"ngg_post_thumbnail":0,"_price":"","_stock":"","_tribe_ticket_header":"","_tribe_default_ticket_provider":"","_tribe_ticket_capacity":"0","_ticket_start_date":"","_ticket_end_date":"","_tribe_ticket_show_description":"","_tribe_ticket_show_not_going":false,"_tribe_ticket_use_global_stock":"","_tribe_ticket_global_stock_level":"","_global_stock_mode":"","_global_stock_cap":"","_tribe_rsvp_for_event":"","_tribe_ticket_going_count":"","_tribe_ticket_not_going_count":"","_tribe_tickets_list":"[]","_tribe_ticket_has_attendee_info_fields":false,"footnotes":""},"categories":[12],"tags":[],"class_list":["post-5519","post","type-post","status-publish","format-standard","has-post-thumbnail","hentry","category-hirek"],"_links":{"self":[{"href":"https:\/\/szonyimuzeum.hu\/fr\/wp-json\/wp\/v2\/posts\/5519","targetHints":{"allow":["GET"]}}],"collection":[{"href":"https:\/\/szonyimuzeum.hu\/fr\/wp-json\/wp\/v2\/posts"}],"about":[{"href":"https:\/\/szonyimuzeum.hu\/fr\/wp-json\/wp\/v2\/types\/post"}],"author":[{"embeddable":true,"href":"https:\/\/szonyimuzeum.hu\/fr\/wp-json\/wp\/v2\/users\/3"}],"replies":[{"embeddable":true,"href":"https:\/\/szonyimuzeum.hu\/fr\/wp-json\/wp\/v2\/comments?post=5519"}],"version-history":[{"count":34,"href":"https:\/\/szonyimuzeum.hu\/fr\/wp-json\/wp\/v2\/posts\/5519\/revisions"}],"predecessor-version":[{"id":11684,"href":"https:\/\/szonyimuzeum.hu\/fr\/wp-json\/wp\/v2\/posts\/5519\/revisions\/11684"}],"wp:featuredmedia":[{"embeddable":true,"href":"https:\/\/szonyimuzeum.hu\/fr\/wp-json\/wp\/v2\/media\/7000"}],"wp:attachment":[{"href":"https:\/\/szonyimuzeum.hu\/fr\/wp-json\/wp\/v2\/media?parent=5519"}],"wp:term":[{"taxonomy":"category","embeddable":true,"href":"https:\/\/szonyimuzeum.hu\/fr\/wp-json\/wp\/v2\/categories?post=5519"},{"taxonomy":"post_tag","embeddable":true,"href":"https:\/\/szonyimuzeum.hu\/fr\/wp-json\/wp\/v2\/tags?post=5519"}],"curies":[{"name":"wp","href":"https:\/\/api.w.org\/{rel}","templated":true}]}}