{"id":5530,"date":"2024-01-25T18:38:25","date_gmt":"2024-01-25T17:38:25","guid":{"rendered":"https:\/\/szonyimuzeum.hu\/?p=5530"},"modified":"2024-01-31T15:21:50","modified_gmt":"2024-01-31T14:21:50","slug":"csaladi-matine-2023-december-16","status":"publish","type":"post","link":"https:\/\/szonyimuzeum.hu\/fr\/csaladi-matine-2023-december-16\/","title":{"rendered":"Mus\u00e9e Sz\u0151nyi"},"content":{"rendered":"<p>Istv\u00e1n Sz\u0151nyi est une figure marquante de la peinture hongroise du XXe si\u00e8cle. Il a v\u00e9cu et travaill\u00e9 \u00e0 Zebeg\u00e9ny de 1924 \u00e0 sa mort. C'est l\u00e0 que son art s'est \u00e9panoui, sa peinture \u00e9tant inspir\u00e9e par la beaut\u00e9 magique du paysage, les habitants du village et les membres de sa famille. Son ancienne maison et son atelier sont un mus\u00e9e depuis 1967. L'objectif des fondateurs du mus\u00e9e \u00e9tait de pr\u00e9server et de pr\u00e9senter aussi fid\u00e8lement que possible l'environnement dans lequel les \u0153uvres ont \u00e9t\u00e9 cr\u00e9\u00e9es.<\/p>\n\n\n\n<p>Zsuzsa Sz\u0151nyi, l'h\u00e9riti\u00e8re de la maison de Zebeg\u00e9ny, vit en Italie depuis 1949 avec son mari, M\u00e1ty\u00e1s Triznya. En 1967, elle a pu rentrer au pays en tant que citoyenne italienne pour les fun\u00e9railles de sa m\u00e8re, et dans son livre La Taverne de Triznya, elle a \u00e9crit l'histoire de la fondation du mus\u00e9e. Zsuzsa Sz\u0151nyi. 1999<\/p>\n\n\n\n<p>P\u00e1l P\u00e1tzay, un vieil ami de la famille, a \u00e9t\u00e9 charg\u00e9 d'organiser les pr\u00e9paratifs du mus\u00e9e. Le mus\u00e9e est devenu une institution membre du r\u00e9seau des mus\u00e9es du comt\u00e9 de Pest, mais le personnel de la Galerie nationale hongroise s'est charg\u00e9 de l'inventaire des \u0153uvres et de la conservation des pi\u00e8ces endommag\u00e9es. La premi\u00e8re exposition permanente a \u00e9t\u00e9 organis\u00e9e par l'historienne de l'art Ir\u00e9n Kisd\u00e9gin\u00e9 Kirimi. La c\u00e9r\u00e9monie d'ouverture a eu lieu le 18 ao\u00fbt 1967. Depuis 2017, le mus\u00e9e est entretenu par la municipalit\u00e9 de Zebeg\u00e9ny.<\/p>\n\n\n\n<p>L'exposition permanente de l'ancienne famille Sz\u0151nyi&nbsp;<a href=\"https:\/\/szonyimuzeum.hu\/fr\/gyujtemenytortenet-2\/\">meubles<\/a>&nbsp;L'exposition de l'artiste et de son mobilier comprend un tableau majeur de chacune des p\u00e9riodes cr\u00e9atives du ma\u00eetre, offrant ainsi un aper\u00e7u complet de l'\u0153uvre d'Istv\u00e1n Sz\u0151nyi. Parmi les \u0153uvres expos\u00e9es figurent \"Le banc de jardin\", \"Le vieux passeur\", \"Le train du soir\" et \"Le village en automne\".<\/p>\n\n\n\n<p>En 2013, la salle comm\u00e9morative M\u00e1ty\u00e1s Triznya-Sz\u0151nyi Zsuzsa Triznya a \u00e9t\u00e9 ouverte, o\u00f9 des peintures, des photographies, des objets personnels et des documents rappellent la riche vie du couple. La collection comprend \u00e9galement des \u0153uvres int\u00e9ressantes de la famille Bart\u00f3ky, notamment un dessin de jeunesse de Mih\u00e1ly Munk\u00e1csy repr\u00e9sentant la m\u00e8re de J\u00f3zsef Bart\u00f3ky, Jol\u00e1n Szulim\u00e1n, ainsi que des \u0153uvres de K\u00e1roly Lotz, Bertalan Sz\u00e9kely et L\u00e1szl\u00f3 Medny\u00e1nszky. Les amis artistes de Sz\u0151nyi - R\u00f3bert Ber\u00e9ny, Vilmos Aba Nov\u00e1k, Aur\u00e9l Bern\u00e1th, Jen\u0151 Elekfy, Elem\u00e9r Vass et bien d'autres - ont fait don d'un certain nombre d'\u0153uvres \u00e0 l'artiste. La collection comprend \u00e9galement un ensemble d'\u0153uvres des \u00e9l\u00e8ves de Sz\u0151nyi, qui ont \u00e9t\u00e9 apport\u00e9es au mus\u00e9e \u00e0 l'occasion d'expositions de leurs \u0153uvres.<\/p>","protected":false},"excerpt":{"rendered":"<p>Istv\u00e1n Sz\u0151nyi est une figure marquante de la peinture hongroise du XXe si\u00e8cle. Il a v\u00e9cu et travaill\u00e9 \u00e0 Zebeg\u00e9ny de 1924 \u00e0 sa mort. C'est l\u00e0 que son art s'est \u00e9panoui, ses peintures \u00e9tant influenc\u00e9es par la beaut\u00e9 magique du paysage, les habitants du village et sa famille [...]<\/p>","protected":false},"author":3,"featured_media":5810,"comment_status":"open","ping_status":"open","sticky":true,"template":"","format":"standard","meta":{"ngg_post_thumbnail":0,"_price":"","_stock":"","_tribe_ticket_header":"","_tribe_default_ticket_provider":"","_tribe_ticket_capacity":"0","_ticket_start_date":"","_ticket_end_date":"","_tribe_ticket_show_description":"","_tribe_ticket_show_not_going":false,"_tribe_ticket_use_global_stock":"","_tribe_ticket_global_stock_level":"","_global_stock_mode":"","_global_stock_cap":"","_tribe_rsvp_for_event":"","_tribe_ticket_going_count":"","_tribe_ticket_not_going_count":"","_tribe_tickets_list":"[]","_tribe_ticket_has_attendee_info_fields":false,"footnotes":""},"categories":[12],"tags":[],"class_list":["post-5530","post","type-post","status-publish","format-standard","has-post-thumbnail","hentry","category-hirek"],"_links":{"self":[{"href":"https:\/\/szonyimuzeum.hu\/fr\/wp-json\/wp\/v2\/posts\/5530","targetHints":{"allow":["GET"]}}],"collection":[{"href":"https:\/\/szonyimuzeum.hu\/fr\/wp-json\/wp\/v2\/posts"}],"about":[{"href":"https:\/\/szonyimuzeum.hu\/fr\/wp-json\/wp\/v2\/types\/post"}],"author":[{"embeddable":true,"href":"https:\/\/szonyimuzeum.hu\/fr\/wp-json\/wp\/v2\/users\/3"}],"replies":[{"embeddable":true,"href":"https:\/\/szonyimuzeum.hu\/fr\/wp-json\/wp\/v2\/comments?post=5530"}],"version-history":[{"count":3,"href":"https:\/\/szonyimuzeum.hu\/fr\/wp-json\/wp\/v2\/posts\/5530\/revisions"}],"predecessor-version":[{"id":5809,"href":"https:\/\/szonyimuzeum.hu\/fr\/wp-json\/wp\/v2\/posts\/5530\/revisions\/5809"}],"wp:featuredmedia":[{"embeddable":true,"href":"https:\/\/szonyimuzeum.hu\/fr\/wp-json\/wp\/v2\/media\/5810"}],"wp:attachment":[{"href":"https:\/\/szonyimuzeum.hu\/fr\/wp-json\/wp\/v2\/media?parent=5530"}],"wp:term":[{"taxonomy":"category","embeddable":true,"href":"https:\/\/szonyimuzeum.hu\/fr\/wp-json\/wp\/v2\/categories?post=5530"},{"taxonomy":"post_tag","embeddable":true,"href":"https:\/\/szonyimuzeum.hu\/fr\/wp-json\/wp\/v2\/tags?post=5530"}],"curies":[{"name":"wp","href":"https:\/\/api.w.org\/{rel}","templated":true}]}}