{"id":5752,"date":"2025-10-23T14:02:11","date_gmt":"2025-10-23T12:02:11","guid":{"rendered":"https:\/\/szonyimuzeum.hu\/?p=5752"},"modified":"2025-10-23T14:25:07","modified_gmt":"2025-10-23T12:25:07","slug":"aktualitas","status":"publish","type":"post","link":"https:\/\/szonyimuzeum.hu\/fr\/aktualitas\/","title":{"rendered":"Nouvelles de"},"content":{"rendered":"<p class=\"has-text-color has-link-color has-large-font-size wp-elements-1386e81552e4c9283ca1428b901128e8\" style=\"color:#7393b3\">Atelier cr\u00e9atif<\/p>\n\n\n\n<div class=\"wp-block-columns is-layout-flex wp-container-core-columns-is-layout-28f84493 wp-block-columns-is-layout-flex\">\n<div class=\"wp-block-column is-layout-flow wp-block-column-is-layout-flow\">\n<p>Nous vous invitons \u00e0 participer \u00e0 nos ateliers cr\u00e9atifs au mus\u00e9e Sz\u0151nyi !<\/p>\n\n\n\n<p>Nos sessions ont lieu aux heures suivantes :<br><img decoding=\"async\" src=\"https:\/\/fonts.gstatic.com\/s\/e\/notoemoji\/16.0\/1f538\/32.png\" alt=\"\ud83d\udd38\">Calligraphie et peinture de cartes postales : 24.10.2025 et 31.10.2025 11:00-14:00\u00a0<br><img decoding=\"async\" src=\"https:\/\/fonts.gstatic.com\/s\/e\/notoemoji\/16.0\/1f538\/32.png\" alt=\"\ud83d\udd38\">Peinture de meubles folkloriques : 2025.11.08. 10:00-17:00<br><img decoding=\"async\" src=\"https:\/\/fonts.gstatic.com\/s\/e\/notoemoji\/16.0\/1f538\/32.png\" alt=\"\ud83d\udd38\">Tissage pour les d\u00e9butants : 16.11.2025. 10:00-16:00<br><img decoding=\"async\" src=\"https:\/\/fonts.gstatic.com\/s\/e\/notoemoji\/16.0\/1f538\/32.png\" alt=\"\ud83d\udd38\">Reliure du livre : 29.11.2025. 10:00-17:00<br><img decoding=\"async\" src=\"https:\/\/fonts.gstatic.com\/s\/e\/notoemoji\/16.0\/1f538\/32.png\" alt=\"\ud83d\udd38\">Tissage avanc\u00e9 : 30.11.2025 et 07.12.2025 10:00-17:00<br>La participation est soumise \u00e0 l'inscription ! <br>S'inscrire sur la page suivante :\u00a0<a href=\"https:\/\/szonyimuzeum.hu\/fr\/program-regisztracio\/\" target=\"_blank\" rel=\"noreferrer noopener\">https:\/\/szonyimuzeum.hu\/program-regisztracio\/<\/a><br>Ou envoyez-nous un e-mail pour nous faire savoir si vous souhaitez participer.\u00a0<a href=\"mailto:szonyimuzeum1@gmail.com\" target=\"_blank\" rel=\"noreferrer noopener\">szonyimuzeum1@gmail.com<\/a>\u00a0par e-mail !<br>Les sessions se d\u00e9rouleront dans la v\u00e9randa hivernale du mus\u00e9e Sz\u0151nyi, o\u00f9 nous vous accueillerons avec un th\u00e9 chaud dans une atmosph\u00e8re authentique, blottis \u00e0 l'abri du froid.<\/p>\n\n\n\n<p><strong>Comment nous contacter :<\/strong><br>Adresse : 2627 Zebeg\u00e9ny, Bart\u00f3ky \u00fat 7.<br>T\u00e9l\u00e9phone : +36 (27) 620 161<br>E-mail :\u00a0<a href=\"mailto:szonyimuzeum1@gmail.com\" target=\"_blank\" rel=\"noreferrer noopener\">szonyimuzeum1@gmail.com<\/a><\/p>\n<\/div>\n<\/div>\n\n\n\n<figure class=\"wp-block-gallery has-nested-images columns-default is-cropped wp-block-gallery-1 is-layout-flex wp-block-gallery-is-layout-flex\">\n<figure data-wp-context=\"{&quot;imageId&quot;:&quot;69f1e53f23c0a&quot;}\" data-wp-interactive=\"core\/image\" data-wp-key=\"69f1e53f23c0a\" class=\"wp-block-image size-large wp-lightbox-container\"><img fetchpriority=\"high\" decoding=\"async\" width=\"724\" height=\"1024\" data-wp-class--hide=\"state.isContentHidden\" data-wp-class--show=\"state.isContentVisible\" data-wp-init=\"callbacks.setButtonStyles\" data-wp-on--click=\"actions.showLightbox\" data-wp-on--load=\"callbacks.setButtonStyles\" data-wp-on-window--resize=\"callbacks.setButtonStyles\" data-id=\"12872\" src=\"https:\/\/szonyimuzeum.hu\/wp-content\/uploads\/2025\/10\/PLAKAT_2_jo-724x1024.jpg\" alt=\"\" class=\"wp-image-12872\" srcset=\"https:\/\/szonyimuzeum.hu\/wp-content\/uploads\/2025\/10\/PLAKAT_2_jo-724x1024.jpg 724w, https:\/\/szonyimuzeum.hu\/wp-content\/uploads\/2025\/10\/PLAKAT_2_jo-495x700.jpg 495w, https:\/\/szonyimuzeum.hu\/wp-content\/uploads\/2025\/10\/PLAKAT_2_jo-768x1086.jpg 768w, https:\/\/szonyimuzeum.hu\/wp-content\/uploads\/2025\/10\/PLAKAT_2_jo-1086x1536.jpg 1086w, https:\/\/szonyimuzeum.hu\/wp-content\/uploads\/2025\/10\/PLAKAT_2_jo-8x12.jpg 8w, https:\/\/szonyimuzeum.hu\/wp-content\/uploads\/2025\/10\/PLAKAT_2_jo.jpg 1414w\" sizes=\"(max-width: 724px) 100vw, 724px\" \/><button\n\t\t\tclass=\"lightbox-trigger\"\n\t\t\ttype=\"button\"\n\t\t\taria-haspopup=\"dialog\"\n\t\t\taria-label=\"Agrandir\"\n\t\t\tdata-wp-init=\"callbacks.initTriggerButton\"\n\t\t\tdata-wp-on--click=\"actions.showLightbox\"\n\t\t\tdata-wp-style--right=\"state.imageButtonRight\"\n\t\t\tdata-wp-style--top=\"state.imageButtonTop\"\n\t\t>\n\t\t\t<svg xmlns=\"http:\/\/www.w3.org\/2000\/svg\" width=\"12\" height=\"12\" fill=\"none\" viewbox=\"0 0 12 12\">\n\t\t\t\t<path fill=\"#fff\" d=\"M2 0a2 2 0 0 0-2 2v2h1.5V2a.5.5 0 0 1 .5-.5h2V0H2Zm2 10.5H2a.5.5 0 0 1-.5-.5V8H0v2a2 2 0 0 0 2 2h2v-1.5ZM8 12v-1.5h2a.5.5 0 0 0 .5-.5V8H12v2a2 2 0 0 1-2 2H8Zm2-12a2 2 0 0 1 2 2v2h-1.5V2a.5.5 0 0 0-.5-.5H8V0h2Z\" \/>\n\t\t\t<\/svg>\n\t\t<\/button><\/figure>\n\n\n\n<figure data-wp-context=\"{&quot;imageId&quot;:&quot;69f1e53f24180&quot;}\" data-wp-interactive=\"core\/image\" data-wp-key=\"69f1e53f24180\" class=\"wp-block-image size-large wp-lightbox-container\"><img decoding=\"async\" width=\"724\" height=\"1024\" data-wp-class--hide=\"state.isContentHidden\" data-wp-class--show=\"state.isContentVisible\" data-wp-init=\"callbacks.setButtonStyles\" data-wp-on--click=\"actions.showLightbox\" data-wp-on--load=\"callbacks.setButtonStyles\" data-wp-on-window--resize=\"callbacks.setButtonStyles\" data-id=\"12870\" src=\"https:\/\/szonyimuzeum.hu\/wp-content\/uploads\/2025\/10\/SZOVESHEZ-plakat_jo-724x1024.jpg\" alt=\"\" class=\"wp-image-12870\" srcset=\"https:\/\/szonyimuzeum.hu\/wp-content\/uploads\/2025\/10\/SZOVESHEZ-plakat_jo-724x1024.jpg 724w, https:\/\/szonyimuzeum.hu\/wp-content\/uploads\/2025\/10\/SZOVESHEZ-plakat_jo-495x700.jpg 495w, https:\/\/szonyimuzeum.hu\/wp-content\/uploads\/2025\/10\/SZOVESHEZ-plakat_jo-768x1086.jpg 768w, https:\/\/szonyimuzeum.hu\/wp-content\/uploads\/2025\/10\/SZOVESHEZ-plakat_jo-1086x1536.jpg 1086w, https:\/\/szonyimuzeum.hu\/wp-content\/uploads\/2025\/10\/SZOVESHEZ-plakat_jo-8x12.jpg 8w, https:\/\/szonyimuzeum.hu\/wp-content\/uploads\/2025\/10\/SZOVESHEZ-plakat_jo.jpg 1414w\" sizes=\"(max-width: 724px) 100vw, 724px\" \/><button\n\t\t\tclass=\"lightbox-trigger\"\n\t\t\ttype=\"button\"\n\t\t\taria-haspopup=\"dialog\"\n\t\t\taria-label=\"Agrandir\"\n\t\t\tdata-wp-init=\"callbacks.initTriggerButton\"\n\t\t\tdata-wp-on--click=\"actions.showLightbox\"\n\t\t\tdata-wp-style--right=\"state.imageButtonRight\"\n\t\t\tdata-wp-style--top=\"state.imageButtonTop\"\n\t\t>\n\t\t\t<svg xmlns=\"http:\/\/www.w3.org\/2000\/svg\" width=\"12\" height=\"12\" fill=\"none\" viewbox=\"0 0 12 12\">\n\t\t\t\t<path fill=\"#fff\" d=\"M2 0a2 2 0 0 0-2 2v2h1.5V2a.5.5 0 0 1 .5-.5h2V0H2Zm2 10.5H2a.5.5 0 0 1-.5-.5V8H0v2a2 2 0 0 0 2 2h2v-1.5ZM8 12v-1.5h2a.5.5 0 0 0 .5-.5V8H12v2a2 2 0 0 1-2 2H8Zm2-12a2 2 0 0 1 2 2v2h-1.5V2a.5.5 0 0 0-.5-.5H8V0h2Z\" \/>\n\t\t\t<\/svg>\n\t\t<\/button><\/figure>\n\n\n\n<figure data-wp-context=\"{&quot;imageId&quot;:&quot;69f1e53f246c9&quot;}\" data-wp-interactive=\"core\/image\" data-wp-key=\"69f1e53f246c9\" class=\"wp-block-image size-large wp-lightbox-container\"><img decoding=\"async\" width=\"724\" height=\"1024\" data-wp-class--hide=\"state.isContentHidden\" data-wp-class--show=\"state.isContentVisible\" data-wp-init=\"callbacks.setButtonStyles\" data-wp-on--click=\"actions.showLightbox\" data-wp-on--load=\"callbacks.setButtonStyles\" data-wp-on-window--resize=\"callbacks.setButtonStyles\" data-id=\"12873\" src=\"https:\/\/szonyimuzeum.hu\/wp-content\/uploads\/2025\/10\/PLAKAT_3_jo-724x1024.jpg\" alt=\"\" class=\"wp-image-12873\" srcset=\"https:\/\/szonyimuzeum.hu\/wp-content\/uploads\/2025\/10\/PLAKAT_3_jo-724x1024.jpg 724w, https:\/\/szonyimuzeum.hu\/wp-content\/uploads\/2025\/10\/PLAKAT_3_jo-495x700.jpg 495w, https:\/\/szonyimuzeum.hu\/wp-content\/uploads\/2025\/10\/PLAKAT_3_jo-768x1086.jpg 768w, https:\/\/szonyimuzeum.hu\/wp-content\/uploads\/2025\/10\/PLAKAT_3_jo-1086x1536.jpg 1086w, https:\/\/szonyimuzeum.hu\/wp-content\/uploads\/2025\/10\/PLAKAT_3_jo-8x12.jpg 8w, https:\/\/szonyimuzeum.hu\/wp-content\/uploads\/2025\/10\/PLAKAT_3_jo.jpg 1414w\" sizes=\"(max-width: 724px) 100vw, 724px\" \/><button\n\t\t\tclass=\"lightbox-trigger\"\n\t\t\ttype=\"button\"\n\t\t\taria-haspopup=\"dialog\"\n\t\t\taria-label=\"Agrandir\"\n\t\t\tdata-wp-init=\"callbacks.initTriggerButton\"\n\t\t\tdata-wp-on--click=\"actions.showLightbox\"\n\t\t\tdata-wp-style--right=\"state.imageButtonRight\"\n\t\t\tdata-wp-style--top=\"state.imageButtonTop\"\n\t\t>\n\t\t\t<svg xmlns=\"http:\/\/www.w3.org\/2000\/svg\" width=\"12\" height=\"12\" fill=\"none\" viewbox=\"0 0 12 12\">\n\t\t\t\t<path fill=\"#fff\" d=\"M2 0a2 2 0 0 0-2 2v2h1.5V2a.5.5 0 0 1 .5-.5h2V0H2Zm2 10.5H2a.5.5 0 0 1-.5-.5V8H0v2a2 2 0 0 0 2 2h2v-1.5ZM8 12v-1.5h2a.5.5 0 0 0 .5-.5V8H12v2a2 2 0 0 1-2 2H8Zm2-12a2 2 0 0 1 2 2v2h-1.5V2a.5.5 0 0 0-.5-.5H8V0h2Z\" \/>\n\t\t\t<\/svg>\n\t\t<\/button><\/figure>\n<\/figure>\n\n\n\n<div class=\"wp-block-columns is-layout-flex wp-container-core-columns-is-layout-28f84493 wp-block-columns-is-layout-flex\">\n<div class=\"wp-block-column is-layout-flow wp-block-column-is-layout-flow\">\n<p class=\"has-text-color has-link-color has-large-font-size wp-elements-1c9a2b25347fe803b380e02df3a8d629\" style=\"color:#7393b3\">L'exposition temporaire est prolong\u00e9e !<\/p>\n<\/div>\n<\/div>\n\n\n\n<p>Compte tenu du grand int\u00e9r\u00eat port\u00e9 \u00e0 la <strong><mark style=\"background-color:rgba(0, 0, 0, 0);color:#547998\" class=\"has-inline-color\">Home sweet home<\/mark><\/strong> exposition temporaire <strong><mark style=\"background-color:rgba(0, 0, 0, 0);color:#d4365e\" class=\"has-inline-color\">2 novembre<\/mark><\/strong>sera prolong\u00e9 jusqu'au - !<\/p>\n\n\n\n<figure class=\"wp-block-image size-full is-resized\"><img loading=\"lazy\" decoding=\"async\" width=\"640\" height=\"451\" src=\"https:\/\/szonyimuzeum.hu\/wp-content\/uploads\/2025\/09\/A-pesti-lakas-e.n.-gouache-papir-277x398-cm.jpg\" alt=\"\" class=\"wp-image-12491\" style=\"width:307px;height:auto\" srcset=\"https:\/\/szonyimuzeum.hu\/wp-content\/uploads\/2025\/09\/A-pesti-lakas-e.n.-gouache-papir-277x398-cm.jpg 640w, https:\/\/szonyimuzeum.hu\/wp-content\/uploads\/2025\/09\/A-pesti-lakas-e.n.-gouache-papir-277x398-cm-18x12.jpg 18w\" sizes=\"(max-width: 640px) 100vw, 640px\" \/><\/figure>\n\n\n\n<p class=\"has-text-color has-link-color has-large-font-size wp-elements-56c3eb6bf81e6885ccdf53726411effa\" style=\"color:#7393b3\">CULTURE ZEBEG\u00c9NYI<\/p>\n\n\n\n<p>En automne, plusieurs KulTours seront organis\u00e9s \u00e0 Zebeg\u00e9ny. Notre programme populaire mus\u00e9e + marche combine l'exploration de la beaut\u00e9 pittoresque de Zebeg\u00e9ny avec une visite de l'un des plus c\u00e9l\u00e8bres mus\u00e9es-appartements du pays, o\u00f9 le peintre Istv\u00e1n Sz\u0151nyi a v\u00e9cu et peint ses plus belles \u0153uvres.<br>Il y a toujours des surprises sur le chemin... venez les d\u00e9couvrir avec nous !<\/p>\n\n\n\n<p>D\u00e9tails : <a href=\"https:\/\/szonyimuzeum.hu\/fr\/setak\/\">https:\/\/szonyimuzeum.hu\/setak\/<\/a><\/p>\n\n\n\n<figure data-wp-context=\"{&quot;imageId&quot;:&quot;69f1e53f24ed0&quot;}\" data-wp-interactive=\"core\/image\" data-wp-key=\"69f1e53f24ed0\" class=\"wp-block-image size-large is-resized wp-lightbox-container\"><img loading=\"lazy\" decoding=\"async\" width=\"724\" height=\"1024\" data-wp-class--hide=\"state.isContentHidden\" data-wp-class--show=\"state.isContentVisible\" data-wp-init=\"callbacks.setButtonStyles\" data-wp-on--click=\"actions.showLightbox\" data-wp-on--load=\"callbacks.setButtonStyles\" data-wp-on-window--resize=\"callbacks.setButtonStyles\" src=\"https:\/\/szonyimuzeum.hu\/wp-content\/uploads\/2025\/09\/ZEBEGENYI-kulTURA-PLAKAT_szept-okt-724x1024.jpg\" alt=\"\" class=\"wp-image-12454\" style=\"width:305px;height:auto\" srcset=\"https:\/\/szonyimuzeum.hu\/wp-content\/uploads\/2025\/09\/ZEBEGENYI-kulTURA-PLAKAT_szept-okt-724x1024.jpg 724w, https:\/\/szonyimuzeum.hu\/wp-content\/uploads\/2025\/09\/ZEBEGENYI-kulTURA-PLAKAT_szept-okt-495x700.jpg 495w, https:\/\/szonyimuzeum.hu\/wp-content\/uploads\/2025\/09\/ZEBEGENYI-kulTURA-PLAKAT_szept-okt-768x1086.jpg 768w, https:\/\/szonyimuzeum.hu\/wp-content\/uploads\/2025\/09\/ZEBEGENYI-kulTURA-PLAKAT_szept-okt-1086x1536.jpg 1086w, https:\/\/szonyimuzeum.hu\/wp-content\/uploads\/2025\/09\/ZEBEGENYI-kulTURA-PLAKAT_szept-okt-8x12.jpg 8w, https:\/\/szonyimuzeum.hu\/wp-content\/uploads\/2025\/09\/ZEBEGENYI-kulTURA-PLAKAT_szept-okt.jpg 1414w\" sizes=\"(max-width: 724px) 100vw, 724px\" \/><button\n\t\t\tclass=\"lightbox-trigger\"\n\t\t\ttype=\"button\"\n\t\t\taria-haspopup=\"dialog\"\n\t\t\taria-label=\"Agrandir\"\n\t\t\tdata-wp-init=\"callbacks.initTriggerButton\"\n\t\t\tdata-wp-on--click=\"actions.showLightbox\"\n\t\t\tdata-wp-style--right=\"state.imageButtonRight\"\n\t\t\tdata-wp-style--top=\"state.imageButtonTop\"\n\t\t>\n\t\t\t<svg xmlns=\"http:\/\/www.w3.org\/2000\/svg\" width=\"12\" height=\"12\" fill=\"none\" viewbox=\"0 0 12 12\">\n\t\t\t\t<path fill=\"#fff\" d=\"M2 0a2 2 0 0 0-2 2v2h1.5V2a.5.5 0 0 1 .5-.5h2V0H2Zm2 10.5H2a.5.5 0 0 1-.5-.5V8H0v2a2 2 0 0 0 2 2h2v-1.5ZM8 12v-1.5h2a.5.5 0 0 0 .5-.5V8H12v2a2 2 0 0 1-2 2H8Zm2-12a2 2 0 0 1 2 2v2h-1.5V2a.5.5 0 0 0-.5-.5H8V0h2Z\" \/>\n\t\t\t<\/svg>\n\t\t<\/button><\/figure>\n\n\n\n<figure class=\"wp-block-embed is-type-video is-provider-youtube wp-block-embed-youtube wp-embed-aspect-16-9 wp-has-aspect-ratio\"><div class=\"wp-block-embed__wrapper\">\n<iframe title=\"CULTURE ZEBEG\u00c9NYI\" width=\"800\" height=\"450\" src=\"https:\/\/www.youtube.com\/embed\/eUbZvZ34is4?feature=oembed\" frameborder=\"0\" allow=\"accelerometer; autoplay; clipboard-write; encrypted-media; gyroscope; picture-in-picture; web-share\" referrerpolicy=\"strict-origin-when-cross-origin\" allowfullscreen><\/iframe>\n<\/div><\/figure>\n\n\n\n<div class=\"wp-block-columns is-layout-flex wp-container-core-columns-is-layout-28f84493 wp-block-columns-is-layout-flex\">\n<div class=\"wp-block-column is-layout-flow wp-block-column-is-layout-flow\">\n<p class=\"has-text-color has-link-color has-large-font-size wp-elements-7fc7e3b3ae8b08ece2ff3454ce481eb6\" style=\"color:#7393b3\">Nuit au mus\u00e9e<\/p>\n<\/div>\n<\/div>\n\n\n\n<div class=\"wp-block-columns is-layout-flex wp-container-core-columns-is-layout-28f84493 wp-block-columns-is-layout-flex\">\n<div class=\"wp-block-column is-layout-flow wp-block-column-is-layout-flow\">\n<p>Cette ann\u00e9e, trois autres visites guid\u00e9es nocturnes du mus\u00e9e seront organis\u00e9es, en commen\u00e7ant plus t\u00f4t que l'\u00e9t\u00e9, \u00e0 mesure que la nuit tombe. Il est presque incroyable de constater \u00e0 quel point il est diff\u00e9rent de se promener dans l'obscurit\u00e9, avec des lumi\u00e8res contr\u00f4l\u00e9es, dans les pi\u00e8ces de l'ancienne maison du peintre, cette vieille maison, de regarder ses peintures et de d\u00e9couvrir les caract\u00e9ristiques des objets et des meubles qui sont invisibles \u00e0 la lumi\u00e8re du jour. La visite guid\u00e9e multisensorielle, parfois mystique, est accompagn\u00e9e d'images d'archives et de sons.<\/p>\n\n\n\n<p>D\u00e9tails : <a href=\"https:\/\/szonyimuzeum.hu\/fr\/tarlatvezetesek\/\">https:\/\/szonyimuzeum.hu\/tarlatvezetesek\/<\/a><\/p>\n<\/div>\n<\/div>\n\n\n\n<div class=\"wp-block-columns is-layout-flex wp-container-core-columns-is-layout-28f84493 wp-block-columns-is-layout-flex\">\n<div class=\"wp-block-column is-layout-flow wp-block-column-is-layout-flow\">\n<figure data-wp-context=\"{&quot;imageId&quot;:&quot;69f1e53f25496&quot;}\" data-wp-interactive=\"core\/image\" data-wp-key=\"69f1e53f25496\" class=\"wp-block-image size-large is-resized wp-lightbox-container\"><img loading=\"lazy\" decoding=\"async\" width=\"724\" height=\"1024\" data-wp-class--hide=\"state.isContentHidden\" data-wp-class--show=\"state.isContentVisible\" data-wp-init=\"callbacks.setButtonStyles\" data-wp-on--click=\"actions.showLightbox\" data-wp-on--load=\"callbacks.setButtonStyles\" data-wp-on-window--resize=\"callbacks.setButtonStyles\" src=\"https:\/\/szonyimuzeum.hu\/wp-content\/uploads\/2025\/09\/Ejszaka-a-muzeumban_szept-okt-724x1024.jpg\" alt=\"\" class=\"wp-image-12447\" style=\"width:309px;height:auto\" srcset=\"https:\/\/szonyimuzeum.hu\/wp-content\/uploads\/2025\/09\/Ejszaka-a-muzeumban_szept-okt-724x1024.jpg 724w, https:\/\/szonyimuzeum.hu\/wp-content\/uploads\/2025\/09\/Ejszaka-a-muzeumban_szept-okt-495x700.jpg 495w, https:\/\/szonyimuzeum.hu\/wp-content\/uploads\/2025\/09\/Ejszaka-a-muzeumban_szept-okt-768x1086.jpg 768w, https:\/\/szonyimuzeum.hu\/wp-content\/uploads\/2025\/09\/Ejszaka-a-muzeumban_szept-okt-1086x1536.jpg 1086w, https:\/\/szonyimuzeum.hu\/wp-content\/uploads\/2025\/09\/Ejszaka-a-muzeumban_szept-okt-8x12.jpg 8w, https:\/\/szonyimuzeum.hu\/wp-content\/uploads\/2025\/09\/Ejszaka-a-muzeumban_szept-okt.jpg 1414w\" sizes=\"(max-width: 724px) 100vw, 724px\" \/><button\n\t\t\tclass=\"lightbox-trigger\"\n\t\t\ttype=\"button\"\n\t\t\taria-haspopup=\"dialog\"\n\t\t\taria-label=\"Agrandir\"\n\t\t\tdata-wp-init=\"callbacks.initTriggerButton\"\n\t\t\tdata-wp-on--click=\"actions.showLightbox\"\n\t\t\tdata-wp-style--right=\"state.imageButtonRight\"\n\t\t\tdata-wp-style--top=\"state.imageButtonTop\"\n\t\t>\n\t\t\t<svg xmlns=\"http:\/\/www.w3.org\/2000\/svg\" width=\"12\" height=\"12\" fill=\"none\" viewbox=\"0 0 12 12\">\n\t\t\t\t<path fill=\"#fff\" d=\"M2 0a2 2 0 0 0-2 2v2h1.5V2a.5.5 0 0 1 .5-.5h2V0H2Zm2 10.5H2a.5.5 0 0 1-.5-.5V8H0v2a2 2 0 0 0 2 2h2v-1.5ZM8 12v-1.5h2a.5.5 0 0 0 .5-.5V8H12v2a2 2 0 0 1-2 2H8Zm2-12a2 2 0 0 1 2 2v2h-1.5V2a.5.5 0 0 0-.5-.5H8V0h2Z\" \/>\n\t\t\t<\/svg>\n\t\t<\/button><\/figure>\n<\/div>\n<\/div>\n\n\n\n<figure class=\"wp-block-embed is-type-video is-provider-youtube wp-block-embed-youtube wp-embed-aspect-16-9 wp-has-aspect-ratio\"><div class=\"wp-block-embed__wrapper\">\n<iframe title=\"Nuit au mus\u00e9e\" width=\"800\" height=\"450\" src=\"https:\/\/www.youtube.com\/embed\/lQJgqVOuS_U?feature=oembed\" frameborder=\"0\" allow=\"accelerometer; autoplay; clipboard-write; encrypted-media; gyroscope; picture-in-picture; web-share\" referrerpolicy=\"strict-origin-when-cross-origin\" allowfullscreen><\/iframe>\n<\/div><\/figure>\n\n\n\n<p>Samedi 23, 30 ao\u00fbt 2025 10:30<\/p>\n\n\n\n<p>Un programme pour lequel il faut rester \u00e9veill\u00e9 ! - Ne vous contentez pas d'en r\u00eaver, vivez-le !<br>Plus d'informations : <a href=\"https:\/\/szonyimuzeum.hu\/fr\/setak\/\">http:\/\/www.szonyimuzeum.hu\/setak<\/a><\/p>\n\n\n\n<figure data-wp-context=\"{&quot;imageId&quot;:&quot;69f1e53f25889&quot;}\" data-wp-interactive=\"core\/image\" data-wp-key=\"69f1e53f25889\" class=\"wp-block-image size-large is-resized wp-lightbox-container\"><img loading=\"lazy\" decoding=\"async\" width=\"803\" height=\"1024\" data-wp-class--hide=\"state.isContentHidden\" data-wp-class--show=\"state.isContentVisible\" data-wp-init=\"callbacks.setButtonStyles\" data-wp-on--click=\"actions.showLightbox\" data-wp-on--load=\"callbacks.setButtonStyles\" data-wp-on-window--resize=\"callbacks.setButtonStyles\" src=\"https:\/\/szonyimuzeum.hu\/wp-content\/uploads\/2025\/08\/IMG_6310___-803x1024.jpg\" alt=\"\" class=\"wp-image-12348\" style=\"width:247px;height:auto\" srcset=\"https:\/\/szonyimuzeum.hu\/wp-content\/uploads\/2025\/08\/IMG_6310___-803x1024.jpg 803w, https:\/\/szonyimuzeum.hu\/wp-content\/uploads\/2025\/08\/IMG_6310___-549x700.jpg 549w, https:\/\/szonyimuzeum.hu\/wp-content\/uploads\/2025\/08\/IMG_6310___-768x980.jpg 768w, https:\/\/szonyimuzeum.hu\/wp-content\/uploads\/2025\/08\/IMG_6310___-1204x1536.jpg 1204w, https:\/\/szonyimuzeum.hu\/wp-content\/uploads\/2025\/08\/IMG_6310___-1605x2048.jpg 1605w, https:\/\/szonyimuzeum.hu\/wp-content\/uploads\/2025\/08\/IMG_6310___-9x12.jpg 9w, https:\/\/szonyimuzeum.hu\/wp-content\/uploads\/2025\/08\/IMG_6310___.jpg 1714w\" sizes=\"(max-width: 803px) 100vw, 803px\" \/><button\n\t\t\tclass=\"lightbox-trigger\"\n\t\t\ttype=\"button\"\n\t\t\taria-haspopup=\"dialog\"\n\t\t\taria-label=\"Agrandir\"\n\t\t\tdata-wp-init=\"callbacks.initTriggerButton\"\n\t\t\tdata-wp-on--click=\"actions.showLightbox\"\n\t\t\tdata-wp-style--right=\"state.imageButtonRight\"\n\t\t\tdata-wp-style--top=\"state.imageButtonTop\"\n\t\t>\n\t\t\t<svg xmlns=\"http:\/\/www.w3.org\/2000\/svg\" width=\"12\" height=\"12\" fill=\"none\" viewbox=\"0 0 12 12\">\n\t\t\t\t<path fill=\"#fff\" d=\"M2 0a2 2 0 0 0-2 2v2h1.5V2a.5.5 0 0 1 .5-.5h2V0H2Zm2 10.5H2a.5.5 0 0 1-.5-.5V8H0v2a2 2 0 0 0 2 2h2v-1.5ZM8 12v-1.5h2a.5.5 0 0 0 .5-.5V8H12v2a2 2 0 0 1-2 2H8Zm2-12a2 2 0 0 1 2 2v2h-1.5V2a.5.5 0 0 0-.5-.5H8V0h2Z\" \/>\n\t\t\t<\/svg>\n\t\t<\/button><\/figure>\n\n\n\n<div class=\"wp-block-columns is-layout-flex wp-container-core-columns-is-layout-28f84493 wp-block-columns-is-layout-flex\">\n<div class=\"wp-block-column is-layout-flow wp-block-column-is-layout-flow\">\n<p class=\"has-text-color has-link-color has-large-font-size wp-elements-acd189899f2200ff9efe28e05995f61f\" style=\"color:#7393b3\">LE TISSAGE EN PLEIN AIR<\/p>\n<\/div>\n<\/div>\n\n\n\n<div class=\"wp-block-columns is-layout-flex wp-container-core-columns-is-layout-28f84493 wp-block-columns-is-layout-flex\">\n<div class=\"wp-block-column is-layout-flow wp-block-column-is-layout-flow\">\n<p>Chers amateurs de tissage !<\/p>\n\n\n\n<p>Vous \u00eates invit\u00e9s \u00e0 un atelier de tissage d'une journ\u00e9e, 2025. <strong><mark style=\"background-color:rgba(0, 0, 0, 0);color:#0a5c95\" class=\"has-inline-color\">Dimanche 31 ao\u00fbt<\/mark><\/strong> \u00c0 Zebeg\u00e9ny, dans le jardin du mus\u00e9e Sz\u0151nyi.<br>Veuillez informer Rosa Raab par messagerie si vous venez et elle vous enverra une description d\u00e9taill\u00e9e.<\/p>\n\n\n\n<figure class=\"wp-block-gallery has-nested-images columns-default is-cropped wp-block-gallery-2 is-layout-flex wp-block-gallery-is-layout-flex\">\n<figure data-wp-context=\"{&quot;imageId&quot;:&quot;69f1e53f2a3d3&quot;}\" data-wp-interactive=\"core\/image\" data-wp-key=\"69f1e53f2a3d3\" class=\"wp-block-image size-large wp-lightbox-container\"><img loading=\"lazy\" decoding=\"async\" width=\"1024\" height=\"611\" data-wp-class--hide=\"state.isContentHidden\" data-wp-class--show=\"state.isContentVisible\" data-wp-init=\"callbacks.setButtonStyles\" data-wp-on--click=\"actions.showLightbox\" data-wp-on--load=\"callbacks.setButtonStyles\" data-wp-on-window--resize=\"callbacks.setButtonStyles\" data-id=\"12339\" src=\"https:\/\/szonyimuzeum.hu\/wp-content\/uploads\/2025\/08\/IMG_6301.jpg\" alt=\"\" class=\"wp-image-12339\" srcset=\"https:\/\/szonyimuzeum.hu\/wp-content\/uploads\/2025\/08\/IMG_6301.jpg 1024w, https:\/\/szonyimuzeum.hu\/wp-content\/uploads\/2025\/08\/IMG_6301-700x418.jpg 700w, https:\/\/szonyimuzeum.hu\/wp-content\/uploads\/2025\/08\/IMG_6301-768x458.jpg 768w, https:\/\/szonyimuzeum.hu\/wp-content\/uploads\/2025\/08\/IMG_6301-18x12.jpg 18w\" sizes=\"(max-width: 1024px) 100vw, 1024px\" \/><button\n\t\t\tclass=\"lightbox-trigger\"\n\t\t\ttype=\"button\"\n\t\t\taria-haspopup=\"dialog\"\n\t\t\taria-label=\"Agrandir\"\n\t\t\tdata-wp-init=\"callbacks.initTriggerButton\"\n\t\t\tdata-wp-on--click=\"actions.showLightbox\"\n\t\t\tdata-wp-style--right=\"state.imageButtonRight\"\n\t\t\tdata-wp-style--top=\"state.imageButtonTop\"\n\t\t>\n\t\t\t<svg xmlns=\"http:\/\/www.w3.org\/2000\/svg\" width=\"12\" height=\"12\" fill=\"none\" viewbox=\"0 0 12 12\">\n\t\t\t\t<path fill=\"#fff\" d=\"M2 0a2 2 0 0 0-2 2v2h1.5V2a.5.5 0 0 1 .5-.5h2V0H2Zm2 10.5H2a.5.5 0 0 1-.5-.5V8H0v2a2 2 0 0 0 2 2h2v-1.5ZM8 12v-1.5h2a.5.5 0 0 0 .5-.5V8H12v2a2 2 0 0 1-2 2H8Zm2-12a2 2 0 0 1 2 2v2h-1.5V2a.5.5 0 0 0-.5-.5H8V0h2Z\" \/>\n\t\t\t<\/svg>\n\t\t<\/button><\/figure>\n\n\n\n<figure data-wp-context=\"{&quot;imageId&quot;:&quot;69f1e53f2a88e&quot;}\" data-wp-interactive=\"core\/image\" data-wp-key=\"69f1e53f2a88e\" class=\"wp-block-image size-large wp-lightbox-container\"><img loading=\"lazy\" decoding=\"async\" width=\"1024\" height=\"768\" data-wp-class--hide=\"state.isContentHidden\" data-wp-class--show=\"state.isContentVisible\" data-wp-init=\"callbacks.setButtonStyles\" data-wp-on--click=\"actions.showLightbox\" data-wp-on--load=\"callbacks.setButtonStyles\" data-wp-on-window--resize=\"callbacks.setButtonStyles\" data-id=\"12340\" src=\"https:\/\/szonyimuzeum.hu\/wp-content\/uploads\/2025\/08\/IMG_6302.jpg\" alt=\"\" class=\"wp-image-12340\" srcset=\"https:\/\/szonyimuzeum.hu\/wp-content\/uploads\/2025\/08\/IMG_6302.jpg 1024w, https:\/\/szonyimuzeum.hu\/wp-content\/uploads\/2025\/08\/IMG_6302-700x525.jpg 700w, https:\/\/szonyimuzeum.hu\/wp-content\/uploads\/2025\/08\/IMG_6302-768x576.jpg 768w, https:\/\/szonyimuzeum.hu\/wp-content\/uploads\/2025\/08\/IMG_6302-16x12.jpg 16w\" sizes=\"(max-width: 1024px) 100vw, 1024px\" \/><button\n\t\t\tclass=\"lightbox-trigger\"\n\t\t\ttype=\"button\"\n\t\t\taria-haspopup=\"dialog\"\n\t\t\taria-label=\"Agrandir\"\n\t\t\tdata-wp-init=\"callbacks.initTriggerButton\"\n\t\t\tdata-wp-on--click=\"actions.showLightbox\"\n\t\t\tdata-wp-style--right=\"state.imageButtonRight\"\n\t\t\tdata-wp-style--top=\"state.imageButtonTop\"\n\t\t>\n\t\t\t<svg xmlns=\"http:\/\/www.w3.org\/2000\/svg\" width=\"12\" height=\"12\" fill=\"none\" viewbox=\"0 0 12 12\">\n\t\t\t\t<path fill=\"#fff\" d=\"M2 0a2 2 0 0 0-2 2v2h1.5V2a.5.5 0 0 1 .5-.5h2V0H2Zm2 10.5H2a.5.5 0 0 1-.5-.5V8H0v2a2 2 0 0 0 2 2h2v-1.5ZM8 12v-1.5h2a.5.5 0 0 0 .5-.5V8H12v2a2 2 0 0 1-2 2H8Zm2-12a2 2 0 0 1 2 2v2h-1.5V2a.5.5 0 0 0-.5-.5H8V0h2Z\" \/>\n\t\t\t<\/svg>\n\t\t<\/button><\/figure>\n\n\n\n<figure data-wp-context=\"{&quot;imageId&quot;:&quot;69f1e53f2ad1b&quot;}\" data-wp-interactive=\"core\/image\" data-wp-key=\"69f1e53f2ad1b\" class=\"wp-block-image size-full wp-lightbox-container\"><img loading=\"lazy\" decoding=\"async\" width=\"768\" height=\"1024\" data-wp-class--hide=\"state.isContentHidden\" data-wp-class--show=\"state.isContentVisible\" data-wp-init=\"callbacks.setButtonStyles\" data-wp-on--click=\"actions.showLightbox\" data-wp-on--load=\"callbacks.setButtonStyles\" data-wp-on-window--resize=\"callbacks.setButtonStyles\" data-id=\"12342\" src=\"https:\/\/szonyimuzeum.hu\/wp-content\/uploads\/2025\/08\/IMG_6304.jpg\" alt=\"\" class=\"wp-image-12342\" srcset=\"https:\/\/szonyimuzeum.hu\/wp-content\/uploads\/2025\/08\/IMG_6304.jpg 768w, https:\/\/szonyimuzeum.hu\/wp-content\/uploads\/2025\/08\/IMG_6304-525x700.jpg 525w, https:\/\/szonyimuzeum.hu\/wp-content\/uploads\/2025\/08\/IMG_6304-9x12.jpg 9w\" sizes=\"(max-width: 768px) 100vw, 768px\" \/><button\n\t\t\tclass=\"lightbox-trigger\"\n\t\t\ttype=\"button\"\n\t\t\taria-haspopup=\"dialog\"\n\t\t\taria-label=\"Agrandir\"\n\t\t\tdata-wp-init=\"callbacks.initTriggerButton\"\n\t\t\tdata-wp-on--click=\"actions.showLightbox\"\n\t\t\tdata-wp-style--right=\"state.imageButtonRight\"\n\t\t\tdata-wp-style--top=\"state.imageButtonTop\"\n\t\t>\n\t\t\t<svg xmlns=\"http:\/\/www.w3.org\/2000\/svg\" width=\"12\" height=\"12\" fill=\"none\" viewbox=\"0 0 12 12\">\n\t\t\t\t<path fill=\"#fff\" d=\"M2 0a2 2 0 0 0-2 2v2h1.5V2a.5.5 0 0 1 .5-.5h2V0H2Zm2 10.5H2a.5.5 0 0 1-.5-.5V8H0v2a2 2 0 0 0 2 2h2v-1.5ZM8 12v-1.5h2a.5.5 0 0 0 .5-.5V8H12v2a2 2 0 0 1-2 2H8Zm2-12a2 2 0 0 1 2 2v2h-1.5V2a.5.5 0 0 0-.5-.5H8V0h2Z\" \/>\n\t\t\t<\/svg>\n\t\t<\/button><\/figure>\n<\/figure>\n<\/div>\n<\/div>\n\n\n\n<div class=\"wp-block-columns is-layout-flex wp-container-core-columns-is-layout-28f84493 wp-block-columns-is-layout-flex\">\n<div class=\"wp-block-column is-layout-flow wp-block-column-is-layout-flow\">\n<p class=\"has-text-color has-link-color has-large-font-size wp-elements-e15df7e58298e121384db923bb4ca187\" style=\"color:#7393b3\">PEINTURE DE PORTRAIT POUR LES COUPLES<\/p>\n<\/div>\n<\/div>\n\n\n\n<p class=\"has-medium-font-size\">Une bonne fa\u00e7on de se mettre au diapason en d\u00e9but d'ann\u00e9e est de faire le portrait d'un couple au mus\u00e9e.<\/p>\n\n\n\n<p class=\"has-medium-font-size\">Plus d'informations : <a href=\"https:\/\/szonyimuzeum.hu\/fr\/foglalkozasok\/\">http:\/\/www.szonyimuzeum.hu\/foglalkozasok<\/a><\/p>\n\n\n\n<figure data-wp-context=\"{&quot;imageId&quot;:&quot;69f1e53f2b3db&quot;}\" data-wp-interactive=\"core\/image\" data-wp-key=\"69f1e53f2b3db\" class=\"wp-block-image size-large is-resized wp-lightbox-container\"><img loading=\"lazy\" decoding=\"async\" width=\"724\" height=\"1024\" data-wp-class--hide=\"state.isContentHidden\" data-wp-class--show=\"state.isContentVisible\" data-wp-init=\"callbacks.setButtonStyles\" data-wp-on--click=\"actions.showLightbox\" data-wp-on--load=\"callbacks.setButtonStyles\" data-wp-on-window--resize=\"callbacks.setButtonStyles\" src=\"https:\/\/szonyimuzeum.hu\/wp-content\/uploads\/2025\/08\/Paros-portrefestes_honlapra-724x1024.jpg\" alt=\"\" class=\"wp-image-12345\" style=\"width:244px;height:auto\" srcset=\"https:\/\/szonyimuzeum.hu\/wp-content\/uploads\/2025\/08\/Paros-portrefestes_honlapra-724x1024.jpg 724w, https:\/\/szonyimuzeum.hu\/wp-content\/uploads\/2025\/08\/Paros-portrefestes_honlapra-495x700.jpg 495w, https:\/\/szonyimuzeum.hu\/wp-content\/uploads\/2025\/08\/Paros-portrefestes_honlapra-768x1086.jpg 768w, https:\/\/szonyimuzeum.hu\/wp-content\/uploads\/2025\/08\/Paros-portrefestes_honlapra-1086x1536.jpg 1086w, https:\/\/szonyimuzeum.hu\/wp-content\/uploads\/2025\/08\/Paros-portrefestes_honlapra-8x12.jpg 8w, https:\/\/szonyimuzeum.hu\/wp-content\/uploads\/2025\/08\/Paros-portrefestes_honlapra.jpg 1414w\" sizes=\"(max-width: 724px) 100vw, 724px\" \/><button\n\t\t\tclass=\"lightbox-trigger\"\n\t\t\ttype=\"button\"\n\t\t\taria-haspopup=\"dialog\"\n\t\t\taria-label=\"Agrandir\"\n\t\t\tdata-wp-init=\"callbacks.initTriggerButton\"\n\t\t\tdata-wp-on--click=\"actions.showLightbox\"\n\t\t\tdata-wp-style--right=\"state.imageButtonRight\"\n\t\t\tdata-wp-style--top=\"state.imageButtonTop\"\n\t\t>\n\t\t\t<svg xmlns=\"http:\/\/www.w3.org\/2000\/svg\" width=\"12\" height=\"12\" fill=\"none\" viewbox=\"0 0 12 12\">\n\t\t\t\t<path fill=\"#fff\" d=\"M2 0a2 2 0 0 0-2 2v2h1.5V2a.5.5 0 0 1 .5-.5h2V0H2Zm2 10.5H2a.5.5 0 0 1-.5-.5V8H0v2a2 2 0 0 0 2 2h2v-1.5ZM8 12v-1.5h2a.5.5 0 0 0 .5-.5V8H12v2a2 2 0 0 1-2 2H8Zm2-12a2 2 0 0 1 2 2v2h-1.5V2a.5.5 0 0 0-.5-.5H8V0h2Z\" \/>\n\t\t\t<\/svg>\n\t\t<\/button><\/figure>\n\n\n\n<p class=\"has-text-color has-link-color has-large-font-size wp-elements-f6d23fad4ebc24b6423ff0c065264b27\" style=\"color:#7393b3\">HISTOIRES \u00c0 L'INT\u00c9RIEUR ET \u00c0 L'EXT\u00c9RIEUR DES MURS DU MUS\u00c9E<\/p>\n\n\n\n<p class=\"has-medium-font-size\">2025.<mark style=\"background-color:rgba(0, 0, 0, 0)\" class=\"has-inline-color has-black-color\"> Ao\u00fbt <\/mark>2., 9., 16., <mark style=\"background-color:rgba(0, 0, 0, 0);color:#5a99be\" class=\"has-inline-color\">23, 30 Samedi 10h30<\/mark><\/p>\n\n\n\n<p class=\"has-medium-font-size\">Rejoignez-nous pour un voyage de d\u00e9couverte \u00e0 l'int\u00e9rieur et au-del\u00e0 des murs du mus\u00e9e ! Le programme commence au mus\u00e9e, et de l\u00e0, nous nous prom\u00e8nerons dans les charmantes rues de Zebeg\u00e9ny, \u00e0 la recherche de lieux particuliers. Au cours de la promenade, nous \u00e9voquerons le pass\u00e9 du village \u00e0 l'aide d'anecdotes et de photos d'archives, et nous vous parlerons des artistes dont la vie et l'art sont intimement li\u00e9s \u00e0 Zebeg\u00e9ny. Le monde est plein de merveilles, d\u00e9couvrez-en quelques-unes avec nous !<\/p>\n\n\n\n<p class=\"has-medium-font-size\">Plus d'informations :&nbsp;<a href=\"https:\/\/szonyimuzeum.hu\/fr\/setak\/\" target=\"_blank\" rel=\"noreferrer noopener\">www.szonyimuzeum.hu\/setak<\/a><br>Inscription :&nbsp;<a href=\"mailto:szonyimuzeum1@gmail.com\" target=\"_blank\" rel=\"noreferrer noopener\">szonyimuzeum1@gmail.com<\/a><\/p>\n\n\n\n<figure class=\"wp-block-gallery has-nested-images columns-default is-cropped wp-block-gallery-3 is-layout-flex wp-block-gallery-is-layout-flex\">\n<figure data-wp-context=\"{&quot;imageId&quot;:&quot;69f1e53f2b754&quot;}\" data-wp-interactive=\"core\/image\" data-wp-key=\"69f1e53f2b754\" class=\"wp-block-image size-large wp-lightbox-container\"><img loading=\"lazy\" decoding=\"async\" width=\"1024\" height=\"809\" data-wp-class--hide=\"state.isContentHidden\" data-wp-class--show=\"state.isContentVisible\" data-wp-init=\"callbacks.setButtonStyles\" data-wp-on--click=\"actions.showLightbox\" data-wp-on--load=\"callbacks.setButtonStyles\" data-wp-on-window--resize=\"callbacks.setButtonStyles\" data-id=\"11840\" src=\"https:\/\/szonyimuzeum.hu\/wp-content\/uploads\/2025\/04\/IMG_8345-1024x809.jpg\" alt=\"\" class=\"wp-image-11840\" srcset=\"https:\/\/szonyimuzeum.hu\/wp-content\/uploads\/2025\/04\/IMG_8345-1024x809.jpg 1024w, https:\/\/szonyimuzeum.hu\/wp-content\/uploads\/2025\/04\/IMG_8345-700x553.jpg 700w, https:\/\/szonyimuzeum.hu\/wp-content\/uploads\/2025\/04\/IMG_8345-768x606.jpg 768w, https:\/\/szonyimuzeum.hu\/wp-content\/uploads\/2025\/04\/IMG_8345-15x12.jpg 15w, https:\/\/szonyimuzeum.hu\/wp-content\/uploads\/2025\/04\/IMG_8345.jpg 1046w\" sizes=\"(max-width: 1024px) 100vw, 1024px\" \/><button\n\t\t\tclass=\"lightbox-trigger\"\n\t\t\ttype=\"button\"\n\t\t\taria-haspopup=\"dialog\"\n\t\t\taria-label=\"Agrandir\"\n\t\t\tdata-wp-init=\"callbacks.initTriggerButton\"\n\t\t\tdata-wp-on--click=\"actions.showLightbox\"\n\t\t\tdata-wp-style--right=\"state.imageButtonRight\"\n\t\t\tdata-wp-style--top=\"state.imageButtonTop\"\n\t\t>\n\t\t\t<svg xmlns=\"http:\/\/www.w3.org\/2000\/svg\" width=\"12\" height=\"12\" fill=\"none\" viewbox=\"0 0 12 12\">\n\t\t\t\t<path fill=\"#fff\" d=\"M2 0a2 2 0 0 0-2 2v2h1.5V2a.5.5 0 0 1 .5-.5h2V0H2Zm2 10.5H2a.5.5 0 0 1-.5-.5V8H0v2a2 2 0 0 0 2 2h2v-1.5ZM8 12v-1.5h2a.5.5 0 0 0 .5-.5V8H12v2a2 2 0 0 1-2 2H8Zm2-12a2 2 0 0 1 2 2v2h-1.5V2a.5.5 0 0 0-.5-.5H8V0h2Z\" \/>\n\t\t\t<\/svg>\n\t\t<\/button><\/figure>\n\n\n\n<figure data-wp-context=\"{&quot;imageId&quot;:&quot;69f1e53f2bab7&quot;}\" data-wp-interactive=\"core\/image\" data-wp-key=\"69f1e53f2bab7\" class=\"wp-block-image size-large wp-lightbox-container\"><img loading=\"lazy\" decoding=\"async\" width=\"724\" height=\"1024\" data-wp-class--hide=\"state.isContentHidden\" data-wp-class--show=\"state.isContentVisible\" data-wp-init=\"callbacks.setButtonStyles\" data-wp-on--click=\"actions.showLightbox\" data-wp-on--load=\"callbacks.setButtonStyles\" data-wp-on-window--resize=\"callbacks.setButtonStyles\" data-id=\"12306\" src=\"https:\/\/szonyimuzeum.hu\/wp-content\/uploads\/2025\/07\/Zebegenyi-kulTURA_aug-724x1024.jpg\" alt=\"\" class=\"wp-image-12306\" srcset=\"https:\/\/szonyimuzeum.hu\/wp-content\/uploads\/2025\/07\/Zebegenyi-kulTURA_aug-724x1024.jpg 724w, https:\/\/szonyimuzeum.hu\/wp-content\/uploads\/2025\/07\/Zebegenyi-kulTURA_aug-495x700.jpg 495w, https:\/\/szonyimuzeum.hu\/wp-content\/uploads\/2025\/07\/Zebegenyi-kulTURA_aug-768x1086.jpg 768w, https:\/\/szonyimuzeum.hu\/wp-content\/uploads\/2025\/07\/Zebegenyi-kulTURA_aug-1086x1536.jpg 1086w, https:\/\/szonyimuzeum.hu\/wp-content\/uploads\/2025\/07\/Zebegenyi-kulTURA_aug-8x12.jpg 8w, https:\/\/szonyimuzeum.hu\/wp-content\/uploads\/2025\/07\/Zebegenyi-kulTURA_aug.jpg 1414w\" sizes=\"(max-width: 724px) 100vw, 724px\" \/><button\n\t\t\tclass=\"lightbox-trigger\"\n\t\t\ttype=\"button\"\n\t\t\taria-haspopup=\"dialog\"\n\t\t\taria-label=\"Agrandir\"\n\t\t\tdata-wp-init=\"callbacks.initTriggerButton\"\n\t\t\tdata-wp-on--click=\"actions.showLightbox\"\n\t\t\tdata-wp-style--right=\"state.imageButtonRight\"\n\t\t\tdata-wp-style--top=\"state.imageButtonTop\"\n\t\t>\n\t\t\t<svg xmlns=\"http:\/\/www.w3.org\/2000\/svg\" width=\"12\" height=\"12\" fill=\"none\" viewbox=\"0 0 12 12\">\n\t\t\t\t<path fill=\"#fff\" d=\"M2 0a2 2 0 0 0-2 2v2h1.5V2a.5.5 0 0 1 .5-.5h2V0H2Zm2 10.5H2a.5.5 0 0 1-.5-.5V8H0v2a2 2 0 0 0 2 2h2v-1.5ZM8 12v-1.5h2a.5.5 0 0 0 .5-.5V8H12v2a2 2 0 0 1-2 2H8Zm2-12a2 2 0 0 1 2 2v2h-1.5V2a.5.5 0 0 0-.5-.5H8V0h2Z\" \/>\n\t\t\t<\/svg>\n\t\t<\/button><\/figure>\n\n\n\n<figure data-wp-context=\"{&quot;imageId&quot;:&quot;69f1e53f2bdc1&quot;}\" data-wp-interactive=\"core\/image\" data-wp-key=\"69f1e53f2bdc1\" class=\"wp-block-image size-full wp-lightbox-container\"><img loading=\"lazy\" decoding=\"async\" width=\"969\" height=\"756\" data-wp-class--hide=\"state.isContentHidden\" data-wp-class--show=\"state.isContentVisible\" data-wp-init=\"callbacks.setButtonStyles\" data-wp-on--click=\"actions.showLightbox\" data-wp-on--load=\"callbacks.setButtonStyles\" data-wp-on-window--resize=\"callbacks.setButtonStyles\" data-id=\"12149\" src=\"https:\/\/szonyimuzeum.hu\/wp-content\/uploads\/2025\/06\/Napraforgo-hazak_kis-meret.jpg\" alt=\"\" class=\"wp-image-12149\" srcset=\"https:\/\/szonyimuzeum.hu\/wp-content\/uploads\/2025\/06\/Napraforgo-hazak_kis-meret.jpg 969w, https:\/\/szonyimuzeum.hu\/wp-content\/uploads\/2025\/06\/Napraforgo-hazak_kis-meret-700x546.jpg 700w, https:\/\/szonyimuzeum.hu\/wp-content\/uploads\/2025\/06\/Napraforgo-hazak_kis-meret-768x599.jpg 768w, https:\/\/szonyimuzeum.hu\/wp-content\/uploads\/2025\/06\/Napraforgo-hazak_kis-meret-15x12.jpg 15w\" sizes=\"(max-width: 969px) 100vw, 969px\" \/><button\n\t\t\tclass=\"lightbox-trigger\"\n\t\t\ttype=\"button\"\n\t\t\taria-haspopup=\"dialog\"\n\t\t\taria-label=\"Agrandir\"\n\t\t\tdata-wp-init=\"callbacks.initTriggerButton\"\n\t\t\tdata-wp-on--click=\"actions.showLightbox\"\n\t\t\tdata-wp-style--right=\"state.imageButtonRight\"\n\t\t\tdata-wp-style--top=\"state.imageButtonTop\"\n\t\t>\n\t\t\t<svg xmlns=\"http:\/\/www.w3.org\/2000\/svg\" width=\"12\" height=\"12\" fill=\"none\" viewbox=\"0 0 12 12\">\n\t\t\t\t<path fill=\"#fff\" d=\"M2 0a2 2 0 0 0-2 2v2h1.5V2a.5.5 0 0 1 .5-.5h2V0H2Zm2 10.5H2a.5.5 0 0 1-.5-.5V8H0v2a2 2 0 0 0 2 2h2v-1.5ZM8 12v-1.5h2a.5.5 0 0 0 .5-.5V8H12v2a2 2 0 0 1-2 2H8Zm2-12a2 2 0 0 1 2 2v2h-1.5V2a.5.5 0 0 0-.5-.5H8V0h2Z\" \/>\n\t\t\t<\/svg>\n\t\t<\/button><\/figure>\n<\/figure>\n\n\n\n<p class=\"has-text-color has-link-color has-medium-font-size wp-elements-79428a8749108d972ff9246453ee711b\" style=\"color:#7393b3\"><\/p>\n\n\n\n<p class=\"has-text-color has-link-color has-large-font-size wp-elements-ff323378c44be117ba7c6d5dac7e2efa\" style=\"color:#7393b3\">NUIT AU MUS\u00c9E<\/p>\n\n\n\n<p class=\"has-medium-font-size\">2025.<mark style=\"background-color:rgba(0, 0, 0, 0)\" class=\"has-inline-color has-black-color\"> Ao\u00fbt <\/mark>2., 16., <mark style=\"background-color:rgba(0, 0, 0, 0)\" class=\"has-inline-color has-luminous-vivid-orange-color\">Samedi 30 21:00<\/mark><\/p>\n\n\n\n<p class=\"has-medium-font-size\">Explorez le mus\u00e9e comme vous ne l'avez jamais vu ! <br>Sous le couvert de l'obscurit\u00e9, nous parcourons les salles d'exposition \u00e9clair\u00e9es uniquement par une lampe de poche. Une atmosph\u00e8re mystique et des histoires uniques vous attendent !<\/p>\n\n\n\n<p class=\"has-medium-font-size\">Plus d'informations : <a href=\"http:\/\/szonyimuzeum.hu\/fr\/tarlatvezetesek\/\" data-type=\"link\" data-id=\"szonyimuzeum.hu\/tarlatvezetesek\">szonyimuzeum.hu\/tarlatvezetesek<\/a><br>Inscription :&nbsp;<a href=\"mailto:szonyimuzeum1@gmail.com\" target=\"_blank\" rel=\"noreferrer noopener\">szonyimuzeum1@gmail.com<\/a><\/p>\n\n\n\n<figure class=\"wp-block-gallery has-nested-images columns-default is-cropped wp-block-gallery-4 is-layout-flex wp-block-gallery-is-layout-flex\">\n<figure data-wp-context=\"{&quot;imageId&quot;:&quot;69f1e53f2c386&quot;}\" data-wp-interactive=\"core\/image\" data-wp-key=\"69f1e53f2c386\" class=\"wp-block-image size-large wp-lightbox-container\"><img loading=\"lazy\" decoding=\"async\" width=\"480\" height=\"640\" data-wp-class--hide=\"state.isContentHidden\" data-wp-class--show=\"state.isContentVisible\" data-wp-init=\"callbacks.setButtonStyles\" data-wp-on--click=\"actions.showLightbox\" data-wp-on--load=\"callbacks.setButtonStyles\" data-wp-on-window--resize=\"callbacks.setButtonStyles\" data-id=\"12188\" src=\"https:\/\/szonyimuzeum.hu\/wp-content\/uploads\/2025\/07\/IMG_2813-rotated.jpg\" alt=\"\" class=\"wp-image-12188\" srcset=\"https:\/\/szonyimuzeum.hu\/wp-content\/uploads\/2025\/07\/IMG_2813-rotated.jpg 480w, https:\/\/szonyimuzeum.hu\/wp-content\/uploads\/2025\/07\/IMG_2813-9x12.jpg 9w\" sizes=\"(max-width: 480px) 100vw, 480px\" \/><button\n\t\t\tclass=\"lightbox-trigger\"\n\t\t\ttype=\"button\"\n\t\t\taria-haspopup=\"dialog\"\n\t\t\taria-label=\"Agrandir\"\n\t\t\tdata-wp-init=\"callbacks.initTriggerButton\"\n\t\t\tdata-wp-on--click=\"actions.showLightbox\"\n\t\t\tdata-wp-style--right=\"state.imageButtonRight\"\n\t\t\tdata-wp-style--top=\"state.imageButtonTop\"\n\t\t>\n\t\t\t<svg xmlns=\"http:\/\/www.w3.org\/2000\/svg\" width=\"12\" height=\"12\" fill=\"none\" viewbox=\"0 0 12 12\">\n\t\t\t\t<path fill=\"#fff\" d=\"M2 0a2 2 0 0 0-2 2v2h1.5V2a.5.5 0 0 1 .5-.5h2V0H2Zm2 10.5H2a.5.5 0 0 1-.5-.5V8H0v2a2 2 0 0 0 2 2h2v-1.5ZM8 12v-1.5h2a.5.5 0 0 0 .5-.5V8H12v2a2 2 0 0 1-2 2H8Zm2-12a2 2 0 0 1 2 2v2h-1.5V2a.5.5 0 0 0-.5-.5H8V0h2Z\" \/>\n\t\t\t<\/svg>\n\t\t<\/button><\/figure>\n\n\n\n<figure data-wp-context=\"{&quot;imageId&quot;:&quot;69f1e53f2c6b0&quot;}\" data-wp-interactive=\"core\/image\" data-wp-key=\"69f1e53f2c6b0\" class=\"wp-block-image size-large wp-lightbox-container\"><img loading=\"lazy\" decoding=\"async\" width=\"724\" height=\"1024\" data-wp-class--hide=\"state.isContentHidden\" data-wp-class--show=\"state.isContentVisible\" data-wp-init=\"callbacks.setButtonStyles\" data-wp-on--click=\"actions.showLightbox\" data-wp-on--load=\"callbacks.setButtonStyles\" data-wp-on-window--resize=\"callbacks.setButtonStyles\" data-id=\"12302\" src=\"https:\/\/szonyimuzeum.hu\/wp-content\/uploads\/2025\/07\/Ejszaka-a-muzeumban_aug-724x1024.jpg\" alt=\"\" class=\"wp-image-12302\" srcset=\"https:\/\/szonyimuzeum.hu\/wp-content\/uploads\/2025\/07\/Ejszaka-a-muzeumban_aug-724x1024.jpg 724w, https:\/\/szonyimuzeum.hu\/wp-content\/uploads\/2025\/07\/Ejszaka-a-muzeumban_aug-495x700.jpg 495w, https:\/\/szonyimuzeum.hu\/wp-content\/uploads\/2025\/07\/Ejszaka-a-muzeumban_aug-768x1086.jpg 768w, https:\/\/szonyimuzeum.hu\/wp-content\/uploads\/2025\/07\/Ejszaka-a-muzeumban_aug-1086x1536.jpg 1086w, https:\/\/szonyimuzeum.hu\/wp-content\/uploads\/2025\/07\/Ejszaka-a-muzeumban_aug-8x12.jpg 8w, https:\/\/szonyimuzeum.hu\/wp-content\/uploads\/2025\/07\/Ejszaka-a-muzeumban_aug.jpg 1414w\" sizes=\"(max-width: 724px) 100vw, 724px\" \/><button\n\t\t\tclass=\"lightbox-trigger\"\n\t\t\ttype=\"button\"\n\t\t\taria-haspopup=\"dialog\"\n\t\t\taria-label=\"Agrandir\"\n\t\t\tdata-wp-init=\"callbacks.initTriggerButton\"\n\t\t\tdata-wp-on--click=\"actions.showLightbox\"\n\t\t\tdata-wp-style--right=\"state.imageButtonRight\"\n\t\t\tdata-wp-style--top=\"state.imageButtonTop\"\n\t\t>\n\t\t\t<svg xmlns=\"http:\/\/www.w3.org\/2000\/svg\" width=\"12\" height=\"12\" fill=\"none\" viewbox=\"0 0 12 12\">\n\t\t\t\t<path fill=\"#fff\" d=\"M2 0a2 2 0 0 0-2 2v2h1.5V2a.5.5 0 0 1 .5-.5h2V0H2Zm2 10.5H2a.5.5 0 0 1-.5-.5V8H0v2a2 2 0 0 0 2 2h2v-1.5ZM8 12v-1.5h2a.5.5 0 0 0 .5-.5V8H12v2a2 2 0 0 1-2 2H8Zm2-12a2 2 0 0 1 2 2v2h-1.5V2a.5.5 0 0 0-.5-.5H8V0h2Z\" \/>\n\t\t\t<\/svg>\n\t\t<\/button><\/figure>\n\n\n\n<figure data-wp-context=\"{&quot;imageId&quot;:&quot;69f1e53f2ca05&quot;}\" data-wp-interactive=\"core\/image\" data-wp-key=\"69f1e53f2ca05\" class=\"wp-block-image size-large wp-lightbox-container\"><img loading=\"lazy\" decoding=\"async\" width=\"480\" height=\"640\" data-wp-class--hide=\"state.isContentHidden\" data-wp-class--show=\"state.isContentVisible\" data-wp-init=\"callbacks.setButtonStyles\" data-wp-on--click=\"actions.showLightbox\" data-wp-on--load=\"callbacks.setButtonStyles\" data-wp-on-window--resize=\"callbacks.setButtonStyles\" data-id=\"12190\" src=\"https:\/\/szonyimuzeum.hu\/wp-content\/uploads\/2025\/07\/IMG_2974-rotated.jpg\" alt=\"\" class=\"wp-image-12190\" srcset=\"https:\/\/szonyimuzeum.hu\/wp-content\/uploads\/2025\/07\/IMG_2974-rotated.jpg 480w, https:\/\/szonyimuzeum.hu\/wp-content\/uploads\/2025\/07\/IMG_2974-9x12.jpg 9w\" sizes=\"(max-width: 480px) 100vw, 480px\" \/><button\n\t\t\tclass=\"lightbox-trigger\"\n\t\t\ttype=\"button\"\n\t\t\taria-haspopup=\"dialog\"\n\t\t\taria-label=\"Agrandir\"\n\t\t\tdata-wp-init=\"callbacks.initTriggerButton\"\n\t\t\tdata-wp-on--click=\"actions.showLightbox\"\n\t\t\tdata-wp-style--right=\"state.imageButtonRight\"\n\t\t\tdata-wp-style--top=\"state.imageButtonTop\"\n\t\t>\n\t\t\t<svg xmlns=\"http:\/\/www.w3.org\/2000\/svg\" width=\"12\" height=\"12\" fill=\"none\" viewbox=\"0 0 12 12\">\n\t\t\t\t<path fill=\"#fff\" d=\"M2 0a2 2 0 0 0-2 2v2h1.5V2a.5.5 0 0 1 .5-.5h2V0H2Zm2 10.5H2a.5.5 0 0 1-.5-.5V8H0v2a2 2 0 0 0 2 2h2v-1.5ZM8 12v-1.5h2a.5.5 0 0 0 .5-.5V8H12v2a2 2 0 0 1-2 2H8Zm2-12a2 2 0 0 1 2 2v2h-1.5V2a.5.5 0 0 0-.5-.5H8V0h2Z\" \/>\n\t\t\t<\/svg>\n\t\t<\/button><\/figure>\n\n\n\n<figure data-wp-context=\"{&quot;imageId&quot;:&quot;69f1e53f2cd49&quot;}\" data-wp-interactive=\"core\/image\" data-wp-key=\"69f1e53f2cd49\" class=\"wp-block-image size-large wp-lightbox-container\"><img loading=\"lazy\" decoding=\"async\" width=\"480\" height=\"640\" data-wp-class--hide=\"state.isContentHidden\" data-wp-class--show=\"state.isContentVisible\" data-wp-init=\"callbacks.setButtonStyles\" data-wp-on--click=\"actions.showLightbox\" data-wp-on--load=\"callbacks.setButtonStyles\" data-wp-on-window--resize=\"callbacks.setButtonStyles\" data-id=\"12185\" src=\"https:\/\/szonyimuzeum.hu\/wp-content\/uploads\/2025\/07\/IMG_2723-rotated.jpg\" alt=\"\" class=\"wp-image-12185\" srcset=\"https:\/\/szonyimuzeum.hu\/wp-content\/uploads\/2025\/07\/IMG_2723-rotated.jpg 480w, https:\/\/szonyimuzeum.hu\/wp-content\/uploads\/2025\/07\/IMG_2723-9x12.jpg 9w\" sizes=\"(max-width: 480px) 100vw, 480px\" \/><button\n\t\t\tclass=\"lightbox-trigger\"\n\t\t\ttype=\"button\"\n\t\t\taria-haspopup=\"dialog\"\n\t\t\taria-label=\"Agrandir\"\n\t\t\tdata-wp-init=\"callbacks.initTriggerButton\"\n\t\t\tdata-wp-on--click=\"actions.showLightbox\"\n\t\t\tdata-wp-style--right=\"state.imageButtonRight\"\n\t\t\tdata-wp-style--top=\"state.imageButtonTop\"\n\t\t>\n\t\t\t<svg xmlns=\"http:\/\/www.w3.org\/2000\/svg\" width=\"12\" height=\"12\" fill=\"none\" viewbox=\"0 0 12 12\">\n\t\t\t\t<path fill=\"#fff\" d=\"M2 0a2 2 0 0 0-2 2v2h1.5V2a.5.5 0 0 1 .5-.5h2V0H2Zm2 10.5H2a.5.5 0 0 1-.5-.5V8H0v2a2 2 0 0 0 2 2h2v-1.5ZM8 12v-1.5h2a.5.5 0 0 0 .5-.5V8H12v2a2 2 0 0 1-2 2H8Zm2-12a2 2 0 0 1 2 2v2h-1.5V2a.5.5 0 0 0-.5-.5H8V0h2Z\" \/>\n\t\t\t<\/svg>\n\t\t<\/button><\/figure>\n\n\n\n<figure data-wp-context=\"{&quot;imageId&quot;:&quot;69f1e53f2d08c&quot;}\" data-wp-interactive=\"core\/image\" data-wp-key=\"69f1e53f2d08c\" class=\"wp-block-image size-large wp-lightbox-container\"><img loading=\"lazy\" decoding=\"async\" width=\"480\" height=\"640\" data-wp-class--hide=\"state.isContentHidden\" data-wp-class--show=\"state.isContentVisible\" data-wp-init=\"callbacks.setButtonStyles\" data-wp-on--click=\"actions.showLightbox\" data-wp-on--load=\"callbacks.setButtonStyles\" data-wp-on-window--resize=\"callbacks.setButtonStyles\" data-id=\"12186\" src=\"https:\/\/szonyimuzeum.hu\/wp-content\/uploads\/2025\/07\/IMG_2775.jpg\" alt=\"\" class=\"wp-image-12186\" srcset=\"https:\/\/szonyimuzeum.hu\/wp-content\/uploads\/2025\/07\/IMG_2775.jpg 480w, https:\/\/szonyimuzeum.hu\/wp-content\/uploads\/2025\/07\/IMG_2775-9x12.jpg 9w\" sizes=\"(max-width: 480px) 100vw, 480px\" \/><button\n\t\t\tclass=\"lightbox-trigger\"\n\t\t\ttype=\"button\"\n\t\t\taria-haspopup=\"dialog\"\n\t\t\taria-label=\"Agrandir\"\n\t\t\tdata-wp-init=\"callbacks.initTriggerButton\"\n\t\t\tdata-wp-on--click=\"actions.showLightbox\"\n\t\t\tdata-wp-style--right=\"state.imageButtonRight\"\n\t\t\tdata-wp-style--top=\"state.imageButtonTop\"\n\t\t>\n\t\t\t<svg xmlns=\"http:\/\/www.w3.org\/2000\/svg\" width=\"12\" height=\"12\" fill=\"none\" viewbox=\"0 0 12 12\">\n\t\t\t\t<path fill=\"#fff\" d=\"M2 0a2 2 0 0 0-2 2v2h1.5V2a.5.5 0 0 1 .5-.5h2V0H2Zm2 10.5H2a.5.5 0 0 1-.5-.5V8H0v2a2 2 0 0 0 2 2h2v-1.5ZM8 12v-1.5h2a.5.5 0 0 0 .5-.5V8H12v2a2 2 0 0 1-2 2H8Zm2-12a2 2 0 0 1 2 2v2h-1.5V2a.5.5 0 0 0-.5-.5H8V0h2Z\" \/>\n\t\t\t<\/svg>\n\t\t<\/button><\/figure>\n\n\n\n<figure data-wp-context=\"{&quot;imageId&quot;:&quot;69f1e53f2d3a2&quot;}\" data-wp-interactive=\"core\/image\" data-wp-key=\"69f1e53f2d3a2\" class=\"wp-block-image size-large wp-lightbox-container\"><img loading=\"lazy\" decoding=\"async\" width=\"480\" height=\"640\" data-wp-class--hide=\"state.isContentHidden\" data-wp-class--show=\"state.isContentVisible\" data-wp-init=\"callbacks.setButtonStyles\" data-wp-on--click=\"actions.showLightbox\" data-wp-on--load=\"callbacks.setButtonStyles\" data-wp-on-window--resize=\"callbacks.setButtonStyles\" data-id=\"12187\" src=\"https:\/\/szonyimuzeum.hu\/wp-content\/uploads\/2025\/07\/IMG_2779-rotated.jpg\" alt=\"\" class=\"wp-image-12187\" srcset=\"https:\/\/szonyimuzeum.hu\/wp-content\/uploads\/2025\/07\/IMG_2779-rotated.jpg 480w, https:\/\/szonyimuzeum.hu\/wp-content\/uploads\/2025\/07\/IMG_2779-9x12.jpg 9w\" sizes=\"(max-width: 480px) 100vw, 480px\" \/><button\n\t\t\tclass=\"lightbox-trigger\"\n\t\t\ttype=\"button\"\n\t\t\taria-haspopup=\"dialog\"\n\t\t\taria-label=\"Agrandir\"\n\t\t\tdata-wp-init=\"callbacks.initTriggerButton\"\n\t\t\tdata-wp-on--click=\"actions.showLightbox\"\n\t\t\tdata-wp-style--right=\"state.imageButtonRight\"\n\t\t\tdata-wp-style--top=\"state.imageButtonTop\"\n\t\t>\n\t\t\t<svg xmlns=\"http:\/\/www.w3.org\/2000\/svg\" width=\"12\" height=\"12\" fill=\"none\" viewbox=\"0 0 12 12\">\n\t\t\t\t<path fill=\"#fff\" d=\"M2 0a2 2 0 0 0-2 2v2h1.5V2a.5.5 0 0 1 .5-.5h2V0H2Zm2 10.5H2a.5.5 0 0 1-.5-.5V8H0v2a2 2 0 0 0 2 2h2v-1.5ZM8 12v-1.5h2a.5.5 0 0 0 .5-.5V8H12v2a2 2 0 0 1-2 2H8Zm2-12a2 2 0 0 1 2 2v2h-1.5V2a.5.5 0 0 0-.5-.5H8V0h2Z\" \/>\n\t\t\t<\/svg>\n\t\t<\/button><\/figure>\n<\/figure>\n\n\n\n<p><\/p>\n\n\n\n<p class=\"has-text-color has-link-color has-large-font-size wp-elements-e9dbfb7ff753bbdede7b31014f60a256\" style=\"color:#7393b3\">VOUS VOULEZ UNE IMAGE DE TAPIS DANS VOTRE MAISON ?<\/p>\n\n\n\n<p class=\"has-medium-font-size\">2025.<mark style=\"background-color:rgba(0, 0, 0, 0)\" class=\"has-inline-color has-black-color\"> Ao\u00fbt <\/mark>2., 9., 16., 23., <mark style=\"background-color:rgba(0, 0, 0, 0);color:#84532c\" class=\"has-inline-color\">30. 15.00-17.00<\/mark><\/p>\n\n\n\n<p class=\"has-medium-font-size\">Choisis ton tableau pr\u00e9f\u00e9r\u00e9 dans le mus\u00e9e et ram\u00e8ne-le chez toi - mais seulement en copie ! <br>Avec le professionnalisme d'un faussaire, vous pouvez peindre votre propre Tapis sur toile, en utilisant la technique originale de la tempera \u00e0 l'\u0153uf.<br>Cr\u00e9ez dans le cadre le plus authentique, l\u00e0 o\u00f9 les peintures originales ont \u00e9t\u00e9 inspir\u00e9es, dans la v\u00e9randa ombrag\u00e9e de la maison Sz\u0151nyi ou dans le jardin !<\/p>\n\n\n\n<p class=\"has-medium-font-size\">Frais d'inscription \u00e0 l'atelier : 5 000 HUF\/personne<br>Vous pouvez \u00e9galement vous inscrire \u00e0 nos ateliers cr\u00e9atifs en dehors des dates annonc\u00e9es.<\/p>\n\n\n\n<p class=\"has-medium-font-size\">Plus d'informations : +36 27 620 161<br>Inscription : szonyimuzeum1@gmail.com<\/p>\n\n\n\n<figure class=\"wp-block-image size-full\"><img loading=\"lazy\" decoding=\"async\" width=\"640\" height=\"640\" src=\"https:\/\/szonyimuzeum.hu\/wp-content\/uploads\/2025\/07\/Alkoto-napokhoz.jpg\" alt=\"\" class=\"wp-image-12218\" srcset=\"https:\/\/szonyimuzeum.hu\/wp-content\/uploads\/2025\/07\/Alkoto-napokhoz.jpg 640w, https:\/\/szonyimuzeum.hu\/wp-content\/uploads\/2025\/07\/Alkoto-napokhoz-150x150.jpg 150w, https:\/\/szonyimuzeum.hu\/wp-content\/uploads\/2025\/07\/Alkoto-napokhoz-12x12.jpg 12w\" sizes=\"(max-width: 640px) 100vw, 640px\" \/><\/figure>\n\n\n\n<p class=\"has-medium-font-size\"><\/p>","protected":false},"excerpt":{"rendered":"<p>Alkot\u00f3foglalkoz\u00e1sok Szeretettel v\u00e1runk Benneteket alkot\u00f3foglalkoz\u00e1sainkon a Sz\u0151nyi M\u00fazeumban! Foglalkoz\u00e1sainkat az al\u00e1bbi id\u0151pontokban tartjuk:Kalligr\u00e1fia \u00e9s k\u00e9peslap fest\u00e9s: 2025.10.24. \u00e9s 2025.10.31. 11:00-14:00\u00a0N\u00e9pi b\u00fatofest\u00e9s: 2025.11.08. 10:00-17:00Sz\u00f6v\u00e9s kezd\u0151knek: 2025.11.16. 10:00-16:00K\u00f6nyvk\u00f6t\u00e9s: 2025.11.29. 10:00-17:00Sz\u00f6v\u00e9s halad\u00f3knak: 2025.11.30. [&hellip;]<\/p>","protected":false},"author":3,"featured_media":12850,"comment_status":"open","ping_status":"open","sticky":true,"template":"","format":"standard","meta":{"ngg_post_thumbnail":0,"_price":"","_stock":"","_tribe_ticket_header":"","_tribe_default_ticket_provider":"","_tribe_ticket_capacity":"0","_ticket_start_date":"","_ticket_end_date":"","_tribe_ticket_show_description":"","_tribe_ticket_show_not_going":false,"_tribe_ticket_use_global_stock":"","_tribe_ticket_global_stock_level":"","_global_stock_mode":"","_global_stock_cap":"","_tribe_rsvp_for_event":"","_tribe_ticket_going_count":"","_tribe_ticket_not_going_count":"","_tribe_tickets_list":"[]","_tribe_ticket_has_attendee_info_fields":false,"footnotes":""},"categories":[12],"tags":[],"class_list":["post-5752","post","type-post","status-publish","format-standard","has-post-thumbnail","hentry","category-hirek"],"_links":{"self":[{"href":"https:\/\/szonyimuzeum.hu\/fr\/wp-json\/wp\/v2\/posts\/5752","targetHints":{"allow":["GET"]}}],"collection":[{"href":"https:\/\/szonyimuzeum.hu\/fr\/wp-json\/wp\/v2\/posts"}],"about":[{"href":"https:\/\/szonyimuzeum.hu\/fr\/wp-json\/wp\/v2\/types\/post"}],"author":[{"embeddable":true,"href":"https:\/\/szonyimuzeum.hu\/fr\/wp-json\/wp\/v2\/users\/3"}],"replies":[{"embeddable":true,"href":"https:\/\/szonyimuzeum.hu\/fr\/wp-json\/wp\/v2\/comments?post=5752"}],"version-history":[{"count":130,"href":"https:\/\/szonyimuzeum.hu\/fr\/wp-json\/wp\/v2\/posts\/5752\/revisions"}],"predecessor-version":[{"id":12874,"href":"https:\/\/szonyimuzeum.hu\/fr\/wp-json\/wp\/v2\/posts\/5752\/revisions\/12874"}],"wp:featuredmedia":[{"embeddable":true,"href":"https:\/\/szonyimuzeum.hu\/fr\/wp-json\/wp\/v2\/media\/12850"}],"wp:attachment":[{"href":"https:\/\/szonyimuzeum.hu\/fr\/wp-json\/wp\/v2\/media?parent=5752"}],"wp:term":[{"taxonomy":"category","embeddable":true,"href":"https:\/\/szonyimuzeum.hu\/fr\/wp-json\/wp\/v2\/categories?post=5752"},{"taxonomy":"post_tag","embeddable":true,"href":"https:\/\/szonyimuzeum.hu\/fr\/wp-json\/wp\/v2\/tags?post=5752"}],"curies":[{"name":"wp","href":"https:\/\/api.w.org\/{rel}","templated":true}]}}