{"id":6864,"date":"2024-09-01T18:02:47","date_gmt":"2024-09-01T16:02:47","guid":{"rendered":"https:\/\/szonyimuzeum.hu\/?p=6864"},"modified":"2025-09-12T22:20:39","modified_gmt":"2025-09-12T20:20:39","slug":"vezetett_setak","status":"publish","type":"post","link":"https:\/\/szonyimuzeum.hu\/fr\/vezetett_setak\/","title":{"rendered":"PROMENADES GUID\u00c9ES \u00c0 ZEBEG\u00c9NY"},"content":{"rendered":"","protected":false},"excerpt":{"rendered":"<p>NOUVELLES DATES ANNONC\u00c9ES : 20, 27 septembre 2025 et 4, 11, 25 octobre 2025, samedi 10h30<br \/>\nVenez avec nous pour une promenade dans la beaut\u00e9 unique du village du coude du Danube, explorons ensemble les rues sinueuses et les lieux d'int\u00e9r\u00eat de Zebeg\u00e9ny.  <\/p>","protected":false},"author":1,"featured_media":7067,"comment_status":"open","ping_status":"open","sticky":false,"template":"","format":"standard","meta":{"ngg_post_thumbnail":0,"_price":"","_stock":"","_tribe_ticket_header":"","_tribe_default_ticket_provider":"","_tribe_ticket_capacity":"0","_ticket_start_date":"","_ticket_end_date":"","_tribe_ticket_show_description":"","_tribe_ticket_show_not_going":false,"_tribe_ticket_use_global_stock":"","_tribe_ticket_global_stock_level":"","_global_stock_mode":"","_global_stock_cap":"","_tribe_rsvp_for_event":"","_tribe_ticket_going_count":"","_tribe_ticket_not_going_count":"","_tribe_tickets_list":"[]","_tribe_ticket_has_attendee_info_fields":false,"footnotes":""},"categories":[18],"tags":[],"class_list":["post-6864","post","type-post","status-publish","format-standard","has-post-thumbnail","hentry","category-slideba"],"_links":{"self":[{"href":"https:\/\/szonyimuzeum.hu\/fr\/wp-json\/wp\/v2\/posts\/6864","targetHints":{"allow":["GET"]}}],"collection":[{"href":"https:\/\/szonyimuzeum.hu\/fr\/wp-json\/wp\/v2\/posts"}],"about":[{"href":"https:\/\/szonyimuzeum.hu\/fr\/wp-json\/wp\/v2\/types\/post"}],"author":[{"embeddable":true,"href":"https:\/\/szonyimuzeum.hu\/fr\/wp-json\/wp\/v2\/users\/1"}],"replies":[{"embeddable":true,"href":"https:\/\/szonyimuzeum.hu\/fr\/wp-json\/wp\/v2\/comments?post=6864"}],"version-history":[{"count":17,"href":"https:\/\/szonyimuzeum.hu\/fr\/wp-json\/wp\/v2\/posts\/6864\/revisions"}],"predecessor-version":[{"id":12452,"href":"https:\/\/szonyimuzeum.hu\/fr\/wp-json\/wp\/v2\/posts\/6864\/revisions\/12452"}],"wp:featuredmedia":[{"embeddable":true,"href":"https:\/\/szonyimuzeum.hu\/fr\/wp-json\/wp\/v2\/media\/7067"}],"wp:attachment":[{"href":"https:\/\/szonyimuzeum.hu\/fr\/wp-json\/wp\/v2\/media?parent=6864"}],"wp:term":[{"taxonomy":"category","embeddable":true,"href":"https:\/\/szonyimuzeum.hu\/fr\/wp-json\/wp\/v2\/categories?post=6864"},{"taxonomy":"post_tag","embeddable":true,"href":"https:\/\/szonyimuzeum.hu\/fr\/wp-json\/wp\/v2\/tags?post=6864"}],"curies":[{"name":"wp","href":"https:\/\/api.w.org\/{rel}","templated":true}]}}